{"id":7902,"date":"2017-05-22T15:41:53","date_gmt":"2017-05-22T14:41:53","guid":{"rendered":"https:\/\/www.sklizeno.cz\/o-nas\/?p=7902"},"modified":"2017-06-01T08:40:04","modified_gmt":"2017-06-01T07:40:04","slug":"mlekarna-lacrum","status":"publish","type":"post","link":"https:\/\/www.sklizeno.cz\/o-nas\/mlekarna-lacrum\/","title":{"rendered":"Ml\u00e9k\u00e1rna Lacrum"},"content":{"rendered":"<p>Ml\u00e9k\u00e1rna LACRUM se nach\u00e1z\u00ed ve Velk\u00e9m Mezi\u0159\u00ed\u010d\u00ed a je <strong>region\u00e1ln\u00ed zpracovatel syrov\u00e9ho kravsk\u00e9ho ml\u00e9ka<\/strong>, kter\u00e9 poch\u00e1z\u00ed p\u0159edev\u0161\u00edm z kraje Vyso\u010dina. Budoucnost firmy je zalo\u017eena na udr\u017een\u00ed kvality jejich obl\u00edben\u00fdch v\u00fdrobk\u016f a roz\u0161i\u0159ov\u00e1n\u00ed sortimentu o \u017e\u00e1dan\u00e9 novinky.<br \/>\nHistorie ml\u00e9k\u00e1renstv\u00ed ve Velk\u00e9m Mezi\u0159\u00ed\u010d\u00ed sah\u00e1 do 1934, kdy byla zalo\u017eena Rolnick\u00e1 dru\u017estevn\u00ed ml\u00e9k\u00e1rna se zam\u011b\u0159en\u00edm na v\u00fdrobu s\u00fdr\u016f, tvaroh\u016f a m\u00e1sla. Jako samostatn\u00fd subjekt V roce <strong>1995<\/strong> byla ml\u00e9k\u00e1rna zaps\u00e1na do Obchodn\u00edho rejst\u0159\u00edku pod n\u00e1zvem <strong>LACRUM Velk\u00e9 Mezi\u0159\u00ed\u010d\u00ed, s.r.o.<\/strong> Od listopadu 2001 do kv\u011btna 2011 byl LACRUM vlastnicky za\u010dlen\u011bn do skupiny BMI (Bayerische Milchindustrie) se s\u00eddlem v Landshutu (N\u011bmecko). Od kv\u011btna <strong>2011<\/strong> se ml\u00e9k\u00e1rna stala <strong>sou\u010d\u00e1st\u00ed zem\u011bd\u011blsko-potravin\u00e1\u0159sk\u00e9ho komplexu AGROM\u011a\u0158\u00cdN<\/strong> s p\u0159\u00edmou vazbou na <strong>prvov\u00fdrobu a zdroj kvalitn\u00edho syrov\u00e9ho kravsk\u00e9ho ml\u00e9ka.\u00a0<\/strong><\/p>\n<p>Rozvoj ml\u00e9k\u00e1rny p\u0159isp\u011bl ke zv\u00fd\u0161en\u00ed kapacity zpracovan\u00e9ho ml\u00e9ka od 5 000 litr\u016f denn\u011b v pov\u00e1le\u010dn\u00fdch letech, a\u017e po<strong> 130 000 litr\u016f denn\u00edho n\u00e1kupu <\/strong>v roce <strong>2013.<\/strong> Toto nav\u00fd\u0161en\u00ed p\u0159\u00edjmu ml\u00e9ka p\u0159isp\u011blo k mo\u017enosti investovat do nov\u00fdch technologi\u00ed a celkov\u00e9 modernizaci provozu.<\/p>\n<p>V\u00fdrobn\u00ed <strong>zam\u011b\u0159en\u00ed t\u00e9to ml\u00e9k\u00e1rny je p\u0159edev\u0161\u00edm na p\u0159\u00edrodn\u00ed polotvrd\u00e9 a tvrd\u00e9 s\u00fdry<\/strong> (v\u010detn\u011b jejich porcovan\u00fdch variant), <strong>\u010derstv\u00e9 m\u00e1slo a tvarohy.<\/strong> Po zprovozn\u011bn\u00ed nov\u00e9 haly, trh bude obohacen \u0159adou taven\u00fdch s\u00fdr\u016f a tekut\u00fdch ml\u00e9\u010dn\u00fdch v\u00fdrobk\u016f.<\/p>\n<p>P\u0159i v\u00fdrob\u011b ml\u00e9k\u00e1rna db\u00e1 na dodr\u017een\u00ed v\u0161ech podm\u00ednek pro <strong>zachov\u00e1n\u00ed kvality a \u010distoty ml\u00e9\u010dn\u00fdch produkt\u016f a vyh\u00fdb\u00e1 se pou\u017e\u00edv\u00e1n\u00ed p\u0159\u00eddavn\u00fdch l\u00e1tek a \u201estabiliz\u00e1tor\u016f&#8220;<\/strong>. Cel\u00e1 \u0159ada jejich v\u00fdrobk\u016f z\u00edskala ozna\u010den\u00ed <strong>\u201eKLASA&#8220; a \u201e\u010cESK\u00dd V\u00ddROBEK&#8220;.<\/strong><strong><br \/>\n<\/strong><\/p>\n<p>Pro v\u00edce informac\u00ed nav\u0161tivte internetov\u00e9 str\u00e1nky ml\u00e9k\u00e1rny Lacrum:\u00a0<a href=\"http:\/\/www.lacrumvm.cz\/\" target=\"_blank\">http:\/\/www.lacrumvm.cz\/<\/a><\/p>\n","protected":false},"excerpt":{"rendered":"<p>Ml\u00e9k\u00e1rna LACRUM se nach\u00e1z\u00ed ve Velk\u00e9m Mezi\u0159\u00ed\u010d\u00ed a je region\u00e1ln\u00ed zpracovatel syrov\u00e9ho kravsk\u00e9ho ml\u00e9ka, kter\u00e9 poch\u00e1z\u00ed p\u0159edev\u0161\u00edm z kraje Vyso\u010dina. Budoucnost firmy je zalo\u017eena na udr\u017een\u00ed kvality jejich obl\u00edben\u00fdch v\u00fdrobk\u016f a roz\u0161i\u0159ov\u00e1n\u00ed sortimentu o \u017e\u00e1dan\u00e9 novinky. Historie ml\u00e9k\u00e1renstv\u00ed ve Velk\u00e9m Mezi\u0159\u00ed\u010d\u00ed sah\u00e1 do 1934, kdy byla zalo\u017eena Rolnick\u00e1 dru\u017estevn\u00ed ml\u00e9k\u00e1rna se zam\u011b\u0159en\u00edm na v\u00fdrobu s\u00fdr\u016f, [&hellip;]<\/p>\n","protected":false},"author":25,"featured_media":7904,"comment_status":"open","ping_status":"closed","sticky":false,"template":"","format":"standard","meta":[],"categories":[36],"tags":[],"recepies_category":[],"recepies_tag":[],"_links":{"self":[{"href":"https:\/\/www.sklizeno.cz\/o-nas\/wp-json\/wp\/v2\/posts\/7902"}],"collection":[{"href":"https:\/\/www.sklizeno.cz\/o-nas\/wp-json\/wp\/v2\/posts"}],"about":[{"href":"https:\/\/www.sklizeno.cz\/o-nas\/wp-json\/wp\/v2\/types\/post"}],"author":[{"embeddable":true,"href":"https:\/\/www.sklizeno.cz\/o-nas\/wp-json\/wp\/v2\/users\/25"}],"replies":[{"embeddable":true,"href":"https:\/\/www.sklizeno.cz\/o-nas\/wp-json\/wp\/v2\/comments?post=7902"}],"version-history":[{"count":1,"href":"https:\/\/www.sklizeno.cz\/o-nas\/wp-json\/wp\/v2\/posts\/7902\/revisions"}],"predecessor-version":[{"id":7906,"href":"https:\/\/www.sklizeno.cz\/o-nas\/wp-json\/wp\/v2\/posts\/7902\/revisions\/7906"}],"wp:featuredmedia":[{"embeddable":true,"href":"https:\/\/www.sklizeno.cz\/o-nas\/wp-json\/wp\/v2\/media\/7904"}],"wp:attachment":[{"href":"https:\/\/www.sklizeno.cz\/o-nas\/wp-json\/wp\/v2\/media?parent=7902"}],"wp:term":[{"taxonomy":"category","embeddable":true,"href":"https:\/\/www.sklizeno.cz\/o-nas\/wp-json\/wp\/v2\/categories?post=7902"},{"taxonomy":"post_tag","embeddable":true,"href":"https:\/\/www.sklizeno.cz\/o-nas\/wp-json\/wp\/v2\/tags?post=7902"},{"taxonomy":"recepies_category","embeddable":true,"href":"https:\/\/www.sklizeno.cz\/o-nas\/wp-json\/wp\/v2\/recepies_category?post=7902"},{"taxonomy":"recepies_tag","embeddable":true,"href":"https:\/\/www.sklizeno.cz\/o-nas\/wp-json\/wp\/v2\/recepies_tag?post=7902"}],"curies":[{"name":"wp","href":"https:\/\/api.w.org\/{rel}","templated":true}]}}