{"id":7456,"date":"2017-03-10T09:55:51","date_gmt":"2017-03-10T08:55:51","guid":{"rendered":"https:\/\/www.sklizeno.cz\/o-nas\/?p=7456"},"modified":"2017-03-10T09:55:51","modified_gmt":"2017-03-10T08:55:51","slug":"nasi-dodavatele-sklizeno-je-synonymum-kvality","status":"publish","type":"post","link":"https:\/\/www.sklizeno.cz\/o-nas\/nasi-dodavatele-sklizeno-je-synonymum-kvality\/","title":{"rendered":"Na\u0161i dodavatel\u00e9: Sklizeno je synonymum kvality"},"content":{"rendered":"<p>Nov\u00e9 Sklizeno nep\u0159in\u00e1\u0161\u00ed v\u00fdhody jen z\u00e1kazn\u00edk\u016fm (nam\u00e1tkou \u2013 e-shop, kodex kvality nebo otv\u00edr\u00e1n\u00ed prodejen na nov\u00fdch m\u00edstech), ale je v\u00fdhodn\u011bj\u0161\u00ed tak\u00e9 pro na\u0161e dodavatele. Po\u017e\u00e1dali jsme n\u011bkter\u00e9 na\u0161e dodavatele, aby n\u00e1m \u0159ekli, jak vn\u00edmaj\u00ed zna\u010dku Sklizeno. A co o\u010dek\u00e1vaj\u00ed od nov\u00e9ho Sklizeno, od aktu\u00e1ln\u00edho Sklizeno roku 2017. Te\u010f si m\u016f\u017eete p\u0159e\u010d\u00edst jejich odpov\u011bdi.<\/p>\n<p>&nbsp;<br \/>\nDrtiv\u00e1 v\u011bt\u0161ina osloven\u00fdch slou\u010den\u00ed Sklizeno a MY FOOD Market v\u00edt\u00e1 a slibuje si od n\u011bj zv\u00fd\u0161en\u00ed odbytu. \u201e<em>Nav\u00fd\u0161en\u00ed po\u010dtu obchod\u016f, ani\u017e bych se musela zab\u00fdvat distribuc\u00ed, vn\u00edm\u00e1m velice pozitivn\u011b. Nejenom, \u017ee odpadne \u010d\u00e1st n\u00e1klad\u016f na logistiku, ale zjednodu\u0161\u0161\u00ed se nav\u00edc syst\u00e9m objedn\u00e1vek. Komunikace s mnoha odb\u011brateli je n\u00e1ro\u010dn\u00e1 a trv\u00e1 hodn\u011b dlouho. Jedna objedn\u00e1vka v\u0161e urychl\u00ed a m\u011b umo\u017en\u00ed vylep\u0161it i syst\u00e9m pl\u00e1nov\u00e1n\u00ed, dopl\u0148ov\u00e1n\u00ed skladov\u00fdch z\u00e1sob a podobn\u011b,<\/em>\u201c mysl\u00ed si nap\u0159\u00edklad Hana \u0160indlerov\u00e1 z <strong>Marmel\u00e1d s p\u0159\u00edb\u011bhem<\/strong>.<\/p>\n<p><img loading=\"lazy\" class=\"alignnone  wp-image-7459\" src=\"https:\/\/www.sklizeno.cz\/o-nas\/wp-content\/uploads\/2017\/03\/Marmel\u00e1dy_s_p\u0159\u00edb\u011bhem-632x421.jpg\" alt=\"\" width=\"447\" height=\"298\" srcset=\"https:\/\/www.sklizeno.cz\/o-nas\/wp-content\/uploads\/sites\/2\/2017\/03\/Marmel\u00e1dy_s_p\u0159\u00edb\u011bhem-632x421.jpg 632w, https:\/\/www.sklizeno.cz\/o-nas\/wp-content\/uploads\/sites\/2\/2017\/03\/Marmel\u00e1dy_s_p\u0159\u00edb\u011bhem-300x200.jpg 300w, https:\/\/www.sklizeno.cz\/o-nas\/wp-content\/uploads\/sites\/2\/2017\/03\/Marmel\u00e1dy_s_p\u0159\u00edb\u011bhem-768x512.jpg 768w, https:\/\/www.sklizeno.cz\/o-nas\/wp-content\/uploads\/sites\/2\/2017\/03\/Marmel\u00e1dy_s_p\u0159\u00edb\u011bhem.jpg 1600w\" sizes=\"(max-width: 447px) 100vw, 447px\" \/><\/p>\n<p>Dal\u0161\u00ed v\u00fdhodou pro dodavatele m\u016f\u017ee b\u00fdt \u201eteritori\u00e1ln\u00ed expanze\u201c, tedy dob\u00fdv\u00e1n\u00ed dal\u0161\u00edch \u00fazem\u00ed. To je i p\u0159\u00edpad <strong>My Chilli<\/strong>, kte\u0159\u00ed v lo\u0148sk\u00e9m roce z\u00edskali dv\u011b medaile na mistrovstv\u00ed sv\u011bta p\u00e1liv\u00fdch v\u00fdrobk\u016f v USA (psali jsme <a href=\"https:\/\/www.sklizeno.cz\/o-nas\/my-chilli-na-svete-je-tolik-skvelych-surovin-ktere-se-s-chilli-krasne-spoji\/\">zde<\/a>). \u201e<em>Je to pro n\u00e1s skv\u011bl\u00e1 p\u0159\u00edle\u017eitost, jak jednodu\u0161e nab\u00eddnout v\u011bt\u0161\u00edmu mno\u017estv\u00ed z\u00e1kazn\u00edk\u016f na\u0161e zbo\u017e\u00ed v kamenn\u00e9 prodejn\u011b. \u010casto n\u00e1m p\u00ed\u0161\u00ed lid\u00e9 z r\u016fzn\u00fdch m\u011bst v \u010cR, zda je mo\u017en\u00e9 zakoupit na\u0161e zbo\u017e\u00ed v n\u011bjak\u00e9 prodejn\u011b i v jejich m\u011bst\u011b. D\u00edky sjednocen\u00ed budeme schopni mnohem v\u00edce lidem odpov\u011bd\u011bt \u201aAno!\u2018,<\/em>\u201c \u0159\u00edk\u00e1 Jan Ja\u0161ek z My Chilli.<\/p>\n<p><img loading=\"lazy\" class=\"alignnone  wp-image-7470\" src=\"https:\/\/www.sklizeno.cz\/o-nas\/wp-content\/uploads\/2017\/03\/14202829_1771975053045297_1188926903_o-632x421.jpg\" alt=\"\" width=\"437\" height=\"291\" srcset=\"https:\/\/www.sklizeno.cz\/o-nas\/wp-content\/uploads\/sites\/2\/2017\/03\/14202829_1771975053045297_1188926903_o-632x421.jpg 632w, https:\/\/www.sklizeno.cz\/o-nas\/wp-content\/uploads\/sites\/2\/2017\/03\/14202829_1771975053045297_1188926903_o-300x200.jpg 300w, https:\/\/www.sklizeno.cz\/o-nas\/wp-content\/uploads\/sites\/2\/2017\/03\/14202829_1771975053045297_1188926903_o-768x512.jpg 768w, https:\/\/www.sklizeno.cz\/o-nas\/wp-content\/uploads\/sites\/2\/2017\/03\/14202829_1771975053045297_1188926903_o.jpg 2048w\" sizes=\"(max-width: 437px) 100vw, 437px\" \/><\/p>\n<p>Dal\u0161\u00ed uleh\u010den\u00ed distribuce vn\u00edm\u00e1 pozitivn\u011b J\u00e1chym Kliment z <strong>Cidrerie<\/strong>. \u201e<em>Je to jednozna\u010dn\u00e9 uleh\u010den\u00ed na\u0161\u00ed pr\u00e1ce a tak\u00e9 doc\u00edlen\u00ed plo\u0161n\u011bj\u0161\u00ed a trval\u00e9 distribuce. Star\u00fd model distribuce byl n\u00e1ro\u010dn\u00fd na udr\u017een\u00ed trval\u00e9 dostupnosti zbo\u017e\u00ed v jednotliv\u00fdch prodejn\u00e1ch. Vy\u017eadoval hodn\u011b energie a \u010dasu vlo\u017een\u00e9ho do komunikace s jednotliv\u00fdmi prodejnami a jejich p\u0159\u00edm\u00e9 z\u00e1sobov\u00e1n\u00ed. My se pot\u0159ebujeme co nejv\u00edce v\u011bnovat strom\u016fm, jablk\u016fm, mo\u0161tu a hlavn\u011b cidru. Vlastn\u00ed distribuce Sklizeno n\u00e1m k tomu d\u00e1 v\u00edc \u010dasu,<\/em>\u201c t\u011b\u0161\u00ed se z nov\u00e9ho syst\u00e9mu J\u00e1chym Kliment.<\/p>\n<p><img loading=\"lazy\" class=\"alignnone  wp-image-7468\" src=\"https:\/\/www.sklizeno.cz\/o-nas\/wp-content\/uploads\/2017\/03\/Cidrerie_J\u00e1chym_Klement.jpg-632x523.png\" alt=\"\" width=\"441\" height=\"365\" srcset=\"https:\/\/www.sklizeno.cz\/o-nas\/wp-content\/uploads\/sites\/2\/2017\/03\/Cidrerie_J\u00e1chym_Klement.jpg-632x523.png 632w, https:\/\/www.sklizeno.cz\/o-nas\/wp-content\/uploads\/sites\/2\/2017\/03\/Cidrerie_J\u00e1chym_Klement.jpg-300x248.png 300w, https:\/\/www.sklizeno.cz\/o-nas\/wp-content\/uploads\/sites\/2\/2017\/03\/Cidrerie_J\u00e1chym_Klement.jpg-768x635.png 768w, https:\/\/www.sklizeno.cz\/o-nas\/wp-content\/uploads\/sites\/2\/2017\/03\/Cidrerie_J\u00e1chym_Klement.jpg.png 1000w\" sizes=\"(max-width: 441px) 100vw, 441px\" \/><\/p>\n<p>V\u00fdhody distribuce pom\u011brn\u011b lakonicky shrnul pra\u017ei\u010d k\u00e1vy Roman Nejedl\u00fd z <a href=\"https:\/\/www.sklizeno.cz\/o-nas\/fiftybeans-vyberova-kava-vam-otevre-uplne-novy-svet-chuti-a-vuni\/\"><strong>Fiftybeans<\/strong><\/a>: \u201e<em>Vet\u0161\u00ed dosah na\u0161ich produkt\u016f bez dodate\u010dn\u00fdch n\u00e1klad\u016f na zam\u011bstnance a distribuci. V\u00edce \u010dasu na k\u00e1vu<\/em>.\u201c<\/p>\n<p><img loading=\"lazy\" class=\"alignnone  wp-image-7471\" src=\"https:\/\/www.sklizeno.cz\/o-nas\/wp-content\/uploads\/2017\/03\/fifty4-Copy-632x421.jpg\" alt=\"\" width=\"440\" height=\"293\" srcset=\"https:\/\/www.sklizeno.cz\/o-nas\/wp-content\/uploads\/sites\/2\/2017\/03\/fifty4-Copy-632x421.jpg 632w, https:\/\/www.sklizeno.cz\/o-nas\/wp-content\/uploads\/sites\/2\/2017\/03\/fifty4-Copy-300x200.jpg 300w, https:\/\/www.sklizeno.cz\/o-nas\/wp-content\/uploads\/sites\/2\/2017\/03\/fifty4-Copy-768x512.jpg 768w\" sizes=\"(max-width: 440px) 100vw, 440px\" \/><\/p>\n<p>&nbsp;<br \/>\n<span style=\"text-decoration: underline;\"><strong>Dal\u0161\u00ed p\u0159\u00ednosy pro dodavatele<\/strong><\/span><\/p>\n<p>V \u010dem spo\u010d\u00edvaj\u00ed pro na\u0161e dodavatele dal\u0161\u00ed cenn\u00e9 v\u00fdhody spolupr\u00e1ce? Zeptali jsme se i na to. A dostali jsme pom\u011brn\u011b pestrou paletu odpov\u011bd\u00ed.<\/p>\n<p>\u201e<em>C\u00edlem a filozofii firmy MuffinyBrno je d\u011blat jen kvalitn\u00ed produkty z kvalitn\u00edch region\u00e1ln\u00edch surovin, u kter\u00fdch zn\u00e1me p\u016fvod a dodavatele. Proto hlavn\u00ed v\u00fdhodou spolupr\u00e1ce se Sklizeno je fakt, \u017ee se na takov\u00e9 produkty zam\u011b\u0159uj\u00ed. A vzhledem k tomu, \u017ee spolupr\u00e1ce trv\u00e1 u\u017e roky, m\u00e1me potvrzeno, \u017ee na\u0161e produkty jsou kvalitn\u00ed a \u00fasp\u011b\u0161n\u00e9,<\/em>\u201c \u0159\u00edk\u00e1 Vojt\u011bch F\u0148ukal za <strong>MuffinyBrno<\/strong>.<\/p>\n<p>\u201e<em>Z m\u00e9ho osobn\u00edho pohledu je dal\u0161\u00ed v\u00fdhodou spolupr\u00e1ce to, \u017ee jsem v kontaktu s d\u011bn\u00edm na poli v\u00fdroby potravin a p\u0159\u00edpadn\u011b se mohu s\u00e1m pou\u010dit,<\/em>\u201c uvedl Jakub Zborovsk\u00fd z <strong>Vina\u0159stv\u00ed Syfany<\/strong>.<\/p>\n<p>\u201e<em>Zna\u010dka Sklizeno je fenom\u00e9nem v r\u00e1mci kvalitn\u00edch potravin a na trhu v t\u00e9to oblasti zauj\u00edm\u00e1 p\u0159edn\u00ed m\u00edsto. Jedn\u00e1 se o stabiln\u00ed spole\u010dnost se skv\u011bl\u00fdm pov\u011bdom\u00edm. Vzhledem k na\u0161emu zam\u011b\u0159en\u00ed ve v\u00fdrob\u011b produkt\u016f v\u00fdhradn\u011b v biokvalit\u011b jsou pro n\u00e1s st\u011b\u017eejn\u00ed c\u00edlovou skupinou pr\u00e1v\u011b prodejny s bioprodukty, kvalitn\u00edmi potravinami, farm\u00e1\u0159sk\u00fdmi produkty a podobn\u011b,<\/em>\u201c zmi\u0148uje image Sklizeno jako d\u016fle\u017eit\u00fd benefit V\u00e1clav Dvo\u0159\u00e1k z \u010dejkovick\u00e9 spole\u010dnosti <strong>SONNENTOR<\/strong>.<\/p>\n<p><img loading=\"lazy\" class=\"alignnone  wp-image-7469\" src=\"https:\/\/www.sklizeno.cz\/o-nas\/wp-content\/uploads\/2017\/03\/SONNENTOR-632x421.jpg\" alt=\"\" width=\"438\" height=\"292\" srcset=\"https:\/\/www.sklizeno.cz\/o-nas\/wp-content\/uploads\/sites\/2\/2017\/03\/SONNENTOR-632x421.jpg 632w, https:\/\/www.sklizeno.cz\/o-nas\/wp-content\/uploads\/sites\/2\/2017\/03\/SONNENTOR-300x200.jpg 300w, https:\/\/www.sklizeno.cz\/o-nas\/wp-content\/uploads\/sites\/2\/2017\/03\/SONNENTOR-768x512.jpg 768w, https:\/\/www.sklizeno.cz\/o-nas\/wp-content\/uploads\/sites\/2\/2017\/03\/SONNENTOR.jpg 2048w\" sizes=\"(max-width: 438px) 100vw, 438px\" \/><\/p>\n<p>\u201e<em>Na\u0161e zbo\u017e\u00ed, u kter\u00e9ho d\u00e1v\u00e1me kvalitu a chu\u0165 na prvn\u00ed m\u00edsto, nab\u00edz\u00ed \u0159et\u011bzec, kter\u00fd tyto hodnoty sd\u00edl\u00ed. M\u016f\u017eeme tak oslovit pr\u00e1v\u011b ty z\u00e1kazn\u00edky, kte\u0159\u00ed maj\u00ed o\u010dek\u00e1v\u00e1n\u00ed vysok\u00e9 kvality a skv\u011bl\u00e9 chuti, a z\u00e1rove\u0148 se m\u016f\u017eeme v\u00edce soust\u0159edit na v\u00fdrobu. Prodej r\u00e1di p\u0159enech\u00e1me obchodn\u00edmu partnerovi,<\/em>\u201c libuje si ji\u017e citovan\u00fd Jan Ja\u0161ek z My Chilli.<\/p>\n<p>A zase jednu lapid\u00e1rn\u00ed odpov\u011b\u010f na z\u00e1v\u011br. Pro Marii Pavl\u016f z <strong>My Cuisine<\/strong> je v\u00fdhodou spolupr\u00e1ce se Sklizeno \u201e<em>snadn\u00e9 roz\u0161\u00ed\u0159en\u00ed v\u00fdrobk\u016f do opravdu v\u0161ech kout\u016f republiky<\/em>\u201c.<\/p>\n<p><img loading=\"lazy\" class=\"alignnone  wp-image-7460\" src=\"https:\/\/www.sklizeno.cz\/o-nas\/wp-content\/uploads\/2017\/03\/Marie_Pavl\u016f_-_My_cuisine-632x357.jpg\" alt=\"\" width=\"441\" height=\"249\" srcset=\"https:\/\/www.sklizeno.cz\/o-nas\/wp-content\/uploads\/sites\/2\/2017\/03\/Marie_Pavl\u016f_-_My_cuisine-632x357.jpg 632w, https:\/\/www.sklizeno.cz\/o-nas\/wp-content\/uploads\/sites\/2\/2017\/03\/Marie_Pavl\u016f_-_My_cuisine-300x169.jpg 300w, https:\/\/www.sklizeno.cz\/o-nas\/wp-content\/uploads\/sites\/2\/2017\/03\/Marie_Pavl\u016f_-_My_cuisine-768x434.jpg 768w, https:\/\/www.sklizeno.cz\/o-nas\/wp-content\/uploads\/sites\/2\/2017\/03\/Marie_Pavl\u016f_-_My_cuisine.jpg 1280w\" sizes=\"(max-width: 441px) 100vw, 441px\" \/><\/p>\n<p>&nbsp;<br \/>\nD\u011bkujeme v\u0161em na\u0161im dodavatel\u016fm, kte\u0159\u00ed se na\u0161\u00ed ankety z\u00fa\u010dastnili. A hlavn\u011b jim d\u011bkujeme za to, \u017ee jsou a d\u011blaj\u00ed kvalitn\u00ed, poctiv\u00e9 a skv\u011bl\u00e9 j\u00eddlo. I my se t\u011b\u0161\u00edme ze spolupr\u00e1ce s nimi a z\u00e1rove\u0148 se t\u011b\u0161\u00edme na to, \u017ee tato spolupr\u00e1ce bude pokra\u010dovat ke spokojenosti jejich, na\u0161\u00ed a hlavn\u011b ke spokojenosti na\u0161ich z\u00e1kazn\u00edk\u016f.<\/p>\n","protected":false},"excerpt":{"rendered":"<p>Nov\u00e9 Sklizeno nep\u0159in\u00e1\u0161\u00ed v\u00fdhody jen z\u00e1kazn\u00edk\u016fm (nam\u00e1tkou \u2013 e-shop, kodex kvality nebo otv\u00edr\u00e1n\u00ed prodejen na nov\u00fdch m\u00edstech), ale je v\u00fdhodn\u011bj\u0161\u00ed tak\u00e9 pro na\u0161e dodavatele. Po\u017e\u00e1dali jsme n\u011bkter\u00e9 na\u0161e dodavatele, aby n\u00e1m \u0159ekli, jak vn\u00edmaj\u00ed zna\u010dku Sklizeno. A co o\u010dek\u00e1vaj\u00ed od nov\u00e9ho Sklizeno, od aktu\u00e1ln\u00edho Sklizeno roku 2017. Te\u010f si m\u016f\u017eete p\u0159e\u010d\u00edst jejich odpov\u011bdi. &nbsp; Drtiv\u00e1 [&hellip;]<\/p>\n","protected":false},"author":22,"featured_media":6590,"comment_status":"open","ping_status":"closed","sticky":false,"template":"","format":"standard","meta":[],"categories":[1],"tags":[],"recepies_category":[],"recepies_tag":[],"_links":{"self":[{"href":"https:\/\/www.sklizeno.cz\/o-nas\/wp-json\/wp\/v2\/posts\/7456"}],"collection":[{"href":"https:\/\/www.sklizeno.cz\/o-nas\/wp-json\/wp\/v2\/posts"}],"about":[{"href":"https:\/\/www.sklizeno.cz\/o-nas\/wp-json\/wp\/v2\/types\/post"}],"author":[{"embeddable":true,"href":"https:\/\/www.sklizeno.cz\/o-nas\/wp-json\/wp\/v2\/users\/22"}],"replies":[{"embeddable":true,"href":"https:\/\/www.sklizeno.cz\/o-nas\/wp-json\/wp\/v2\/comments?post=7456"}],"version-history":[{"count":11,"href":"https:\/\/www.sklizeno.cz\/o-nas\/wp-json\/wp\/v2\/posts\/7456\/revisions"}],"predecessor-version":[{"id":7473,"href":"https:\/\/www.sklizeno.cz\/o-nas\/wp-json\/wp\/v2\/posts\/7456\/revisions\/7473"}],"wp:featuredmedia":[{"embeddable":true,"href":"https:\/\/www.sklizeno.cz\/o-nas\/wp-json\/wp\/v2\/media\/6590"}],"wp:attachment":[{"href":"https:\/\/www.sklizeno.cz\/o-nas\/wp-json\/wp\/v2\/media?parent=7456"}],"wp:term":[{"taxonomy":"category","embeddable":true,"href":"https:\/\/www.sklizeno.cz\/o-nas\/wp-json\/wp\/v2\/categories?post=7456"},{"taxonomy":"post_tag","embeddable":true,"href":"https:\/\/www.sklizeno.cz\/o-nas\/wp-json\/wp\/v2\/tags?post=7456"},{"taxonomy":"recepies_category","embeddable":true,"href":"https:\/\/www.sklizeno.cz\/o-nas\/wp-json\/wp\/v2\/recepies_category?post=7456"},{"taxonomy":"recepies_tag","embeddable":true,"href":"https:\/\/www.sklizeno.cz\/o-nas\/wp-json\/wp\/v2\/recepies_tag?post=7456"}],"curies":[{"name":"wp","href":"https:\/\/api.w.org\/{rel}","templated":true}]}}