{"id":6858,"date":"2016-11-09T10:01:37","date_gmt":"2016-11-09T09:01:37","guid":{"rendered":"https:\/\/www.sklizeno.cz\/o-nas\/?p=6858"},"modified":"2019-07-30T08:19:48","modified_gmt":"2019-07-30T07:19:48","slug":"poznej-sveho-vinare-vino-j-stavek","status":"publish","type":"post","link":"https:\/\/www.sklizeno.cz\/o-nas\/poznej-sveho-vinare-vino-j-stavek\/","title":{"rendered":"Poznej sv\u00e9ho vina\u0159e \/ V\u00edno J. St\u00e1vek"},"content":{"rendered":"<p>N\u00e1\u0161 dal\u0161\u00ed degusta\u010dn\u00ed ve\u010der bude op\u011bt v duchu <strong>jihomoravsk\u00e9ho v\u00edna!<\/strong> Tentokr\u00e1t se n\u00e1m se sv\u00fdmi v\u00edny p\u0159edstav\u00ed <span style=\"color: #d11600\"><strong>Jan St\u00e1vek<\/strong><\/span> z N\u011bm\u010di\u010dek, <span style=\"color: #d11600\"><strong>dr\u017eitel ocen\u011bn\u00ed Vina\u0159stv\u00ed roku v kategorii Mal\u00e9 vina\u0159stv\u00ed<\/strong>.<\/span> <strong>Degustace prob\u011bhne op\u011bt v MY FOOD Zeln\u00fd trh a to ve \u010dtvrtek, 24.11. od 18:30 hod.<\/strong><\/p>\n<p>V\u00edno J. St\u00e1vek je rodinn\u00fdm vina\u0159stv\u00edm s\u00eddl\u00edc\u00edm v N\u011bm\u010di\u010dk\u00e1ch v prostor\u00e1ch VINA\u0158SK\u00c9HO DVORA, statku postaven\u00e9ho prad\u011bde\u010dkem Franti\u0161kem Kop\u0159ivou v roce 1929. Moment\u00e1ln\u011b Vina\u0159sk\u00fd Dv\u016fr vede \u010dtvrtou generac\u00ed <strong><span class=\"capital\">J<\/span>an ST\u00c1VEK<\/strong>. V\u00a0roce 2013, na stolet\u00e9 v\u00fdro\u010d\u00ed narozen\u00ed d\u011bde\u010dka Boleslava Kop\u0159ivy a\u00a0d\u011bde\u010dka Josefa St\u00e1vka, se vina\u0159stv\u00ed p\u0159ejmenov\u00e1v\u00e1 z\u00a0n\u00e1zvu Vina\u0159sk\u00fd Dv\u016fr na V\u00cdNO J. ST\u00c1VEK. Specialitou vina\u0159stv\u00ed jsou v\u00fdte\u010dn\u00e1 cuv\u00e9e v\u00edna, nebo v\u00edna fortifikovan\u00e1, kter\u00e1 se pravideln\u011b dost\u00e1vaj\u00ed do v\u00fdb\u011bru nejlep\u0161\u00edch v r\u00e1mci Salonu v\u00edn.<\/p>\n<p>V\u00edce se o vina\u0159stv\u00ed m\u016f\u017eete dov\u011bd\u011bt <a href=\"http:\/\/www.jstavek.cz\/\">zde<\/a>.<\/p>\n<p>Degustovat se budou tato v\u00edna:<\/p>\n<ul>\n<li>Sekt Sexta 0,75 l<\/li>\n<li>D\u011bdova ve\u010derka 0,75 l<\/li>\n<li>\u00c1\u010dko 0,75 l<\/li>\n<li>Tram\u00edn \u010derven\u00fd 0,75 l<\/li>\n<li>Sauvignon PS 0,75 l<\/li>\n<li>Neubursk\u00e9 PS s\u00fcr lie 0,75 l<\/li>\n<li>Ros\u00e9 Bo\u010dky 0,75 l<\/li>\n<li>Karmaz\u00edn 0,75 l<\/li>\n<li>Lokus b\u00edl\u00fd lik\u00e9rov\u00e9 v\u00edno 0,5 l<\/li>\n<li>Lokus \u010derven\u00fd lik\u00e9rov\u00e9 v\u00edno 0,5 l<\/li>\n<\/ul>\n<p>&nbsp;<\/p>\n<p>K v\u00edn\u016fm se budou pod\u00e1vat vybran\u00e9 delikatesy, kter\u00e9 si u n\u00e1s m\u016f\u017eete i zakoupit.<\/p>\n<p><strong>Po\u010det m\u00edst je omezen, proto si svou \u00fa\u010dast pros\u00edm rezervujte na e-mailu <em>martina.pokorna@myfoodmarket.c<\/em>z.<\/strong><\/p>\n<p>Vstupn\u00e9 190 K\u010d se plat\u00ed a\u017e na m\u00edst\u011b.<\/p>\n<p>&nbsp;<\/p>\n","protected":false},"excerpt":{"rendered":"<p>N\u00e1\u0161 dal\u0161\u00ed degusta\u010dn\u00ed ve\u010der bude op\u011bt v duchu jihomoravsk\u00e9ho v\u00edna! Tentokr\u00e1t se n\u00e1m se sv\u00fdmi v\u00edny p\u0159edstav\u00ed Jan St\u00e1vek z N\u011bm\u010di\u010dek, dr\u017eitel ocen\u011bn\u00ed Vina\u0159stv\u00ed roku v kategorii Mal\u00e9 vina\u0159stv\u00ed. Degustace prob\u011bhne op\u011bt v MY FOOD Zeln\u00fd trh a to ve \u010dtvrtek, 24.11. od 18:30 hod. V\u00edno J. St\u00e1vek je rodinn\u00fdm vina\u0159stv\u00edm s\u00eddl\u00edc\u00edm v N\u011bm\u010di\u010dk\u00e1ch v [&hellip;]<\/p>\n","protected":false},"author":22,"featured_media":6865,"comment_status":"open","ping_status":"closed","sticky":false,"template":"","format":"standard","meta":[],"categories":[1,31,22,28],"tags":[],"recepies_category":[],"recepies_tag":[],"_links":{"self":[{"href":"https:\/\/www.sklizeno.cz\/o-nas\/wp-json\/wp\/v2\/posts\/6858"}],"collection":[{"href":"https:\/\/www.sklizeno.cz\/o-nas\/wp-json\/wp\/v2\/posts"}],"about":[{"href":"https:\/\/www.sklizeno.cz\/o-nas\/wp-json\/wp\/v2\/types\/post"}],"author":[{"embeddable":true,"href":"https:\/\/www.sklizeno.cz\/o-nas\/wp-json\/wp\/v2\/users\/22"}],"replies":[{"embeddable":true,"href":"https:\/\/www.sklizeno.cz\/o-nas\/wp-json\/wp\/v2\/comments?post=6858"}],"version-history":[{"count":1,"href":"https:\/\/www.sklizeno.cz\/o-nas\/wp-json\/wp\/v2\/posts\/6858\/revisions"}],"predecessor-version":[{"id":12537,"href":"https:\/\/www.sklizeno.cz\/o-nas\/wp-json\/wp\/v2\/posts\/6858\/revisions\/12537"}],"wp:featuredmedia":[{"embeddable":true,"href":"https:\/\/www.sklizeno.cz\/o-nas\/wp-json\/wp\/v2\/media\/6865"}],"wp:attachment":[{"href":"https:\/\/www.sklizeno.cz\/o-nas\/wp-json\/wp\/v2\/media?parent=6858"}],"wp:term":[{"taxonomy":"category","embeddable":true,"href":"https:\/\/www.sklizeno.cz\/o-nas\/wp-json\/wp\/v2\/categories?post=6858"},{"taxonomy":"post_tag","embeddable":true,"href":"https:\/\/www.sklizeno.cz\/o-nas\/wp-json\/wp\/v2\/tags?post=6858"},{"taxonomy":"recepies_category","embeddable":true,"href":"https:\/\/www.sklizeno.cz\/o-nas\/wp-json\/wp\/v2\/recepies_category?post=6858"},{"taxonomy":"recepies_tag","embeddable":true,"href":"https:\/\/www.sklizeno.cz\/o-nas\/wp-json\/wp\/v2\/recepies_tag?post=6858"}],"curies":[{"name":"wp","href":"https:\/\/api.w.org\/{rel}","templated":true}]}}