{"id":12913,"date":"2019-12-29T08:00:15","date_gmt":"2019-12-29T07:00:15","guid":{"rendered":"https:\/\/www.sklizeno.cz\/o-nas\/?p=12913"},"modified":"2021-10-26T23:59:35","modified_gmt":"2021-10-26T22:59:35","slug":"konci-letopocet-zacinajici-na-2-0-1","status":"publish","type":"post","link":"https:\/\/www.sklizeno.cz\/o-nas\/konci-letopocet-zacinajici-na-2-0-1\/","title":{"rendered":"Kon\u010d\u00ed letopo\u010det za\u010d\u00ednaj\u00edc\u00ed na 2-0-1"},"content":{"rendered":"<p><img loading=\"lazy\" width=\"632\" height=\"355\" class=\"alignleft size-large wp-image-12960\" src=\"https:\/\/www.sklizeno.cz\/o-nas\/wp-content\/uploads\/sites\/2\/2019\/12\/IMG_5220-632x355.jpg\" alt=\"\" srcset=\"https:\/\/www.sklizeno.cz\/o-nas\/wp-content\/uploads\/sites\/2\/2019\/12\/IMG_5220-632x355.jpg 632w, https:\/\/www.sklizeno.cz\/o-nas\/wp-content\/uploads\/sites\/2\/2019\/12\/IMG_5220-300x169.jpg 300w, https:\/\/www.sklizeno.cz\/o-nas\/wp-content\/uploads\/sites\/2\/2019\/12\/IMG_5220-768x432.jpg 768w, https:\/\/www.sklizeno.cz\/o-nas\/wp-content\/uploads\/sites\/2\/2019\/12\/IMG_5220.jpg 1800w\" sizes=\"(max-width: 632px) 100vw, 632px\" \/><\/p>\n<p>Kon\u010d\u00ed nejen rok, ale i&nbsp;cel\u00e1 dek\u00e1da, kdy jsme si navykli ps\u00e1t letopo\u010det za\u010d\u00ednaj\u00edc\u00ed \u010d\u00edsly 2-0-1. Tahle desetiletka p\u0159inesla do sv\u011bta spoustu v\u011bc\u00ed, dobr\u00fdch i&nbsp;m\u00e9n\u011b dobr\u00fdch, vesel\u00fdch i&nbsp;smutn\u00fdch, z\u00e1bavn\u00fdch i&nbsp;nudn\u00fdch. Pro n\u00e1s byl kl\u00ed\u010dov\u00fd rok 2011, kdy u&nbsp;brn\u011bnsk\u00e9 hokejov\u00e9 ar\u00e9ny (kter\u00e1 je\u0161t\u011b tehdy nesla p\u016fvodn\u00ed n\u00e1zev Hala Rondo) otev\u0159ela prvn\u00ed prodejna SKLIZENO. Mimochodem, bylo to ve st\u0159edu 21. z\u00e1\u0159\u00ed.<\/p>\n<p>My dnes ale nebudeme rekapitulovat deset let, ohl\u00e9dneme se pouze za rokem, se kter\u00fdm se za chvilku rozlou\u010d\u00edme. Koneckonc\u016f, ned\u011bl\u00e1me to poprv\u00e9, u\u017e jsme v&nbsp;tom zavedli jistou tradici. K&nbsp;na\u0161im ohl\u00e9dnut\u00edm za p\u0159edchoz\u00edmi lety se m\u016f\u017eete vr\u00e1tit nap\u0159\u00edklad <a href=\"https:\/\/www.sklizeno.cz\/o-nas\/ohlednuti-za-rokem-2018\/\">tady<\/a> nebo <a href=\"https:\/\/www.sklizeno.cz\/o-nas\/jaky-byl-rok-2017-ve-sklizeno\/\">tady<\/a>. Ale te\u010f si poj\u010fme zrekapitulovat rok 2019 p\u011bkn\u011b chronologicky, od ledna po prosinec.<\/p>\n<p>&nbsp;<\/p>\n<h3>Aplikace Sklizeno \u2013 zjednodu\u0161en\u00e9 objedn\u00e1vky v&nbsp;bistrech<\/h3>\n<p>Rychlej\u0161\u00ed, efektivn\u011bj\u0161\u00ed, u\u017eivatelsky p\u0159\u00edjemn\u00e9 objedn\u00e1v\u00e1n\u00ed v&nbsp;na\u0161ich bistrech jsme zavedli hned zkraje roku 2019 ve snaze <a href=\"https:\/\/www.sklizeno.cz\/o-nas\/sklizeno-aplikace-aneb-uz-zadne-fronty\/\">zrychlit objedn\u00e1vky a&nbsp;u\u0161et\u0159it \u010das host\u016fm bistra<\/a>. Funguje na <a href=\"https:\/\/play.google.com\/store\/apps\/details?id=cz.sklizeno.mobileapp\" target=\"_blank\" rel=\"noopener\">Androidech<\/a> i <a href=\"https:\/\/itunes.apple.com\/us\/app\/sklizeno\/id1373612072\" target=\"_blank\" rel=\"noopener\">iOS<\/a>.<\/p>\n<div id=\"fb-root\"><\/div>\n<p><script async=\"1\" defer=\"1\" crossorigin=\"anonymous\" src=\"https:\/\/connect.facebook.net\/cs_CZ\/sdk.js#xfbml=1&amp;version=v5.0\"><\/script><\/p>\n<div class=\"fb-post\" data-href=\"https:\/\/www.facebook.com\/sklizeno\/photos\/a.212750478779141\/2017637491623755\/?type=3&amp;theater\" data-width=\"500\">\n<blockquote cite=\"https:\/\/www.facebook.com\/sklizeno\/photos\/a.212750478779141\/2017637491623755\/?type=3\" class=\"fb-xfbml-parse-ignore\">\n<p>Dnes v MY FOOD Holandsk\u00e1 spou\u0161t\u00edme vylep\u0161en\u00fd syst\u00e9m objedn\u00e1vek j\u00eddla, d\u00edky kter\u00e9mu nebudete muset \u010dekat na placen\u00ed.Jak&#8230;<\/p>\n<p>Zve\u0159ejnil(a) <a href=\"https:\/\/www.facebook.com\/sklizeno\/\">Sklizeno &#8211; opravdov\u00e9 j\u00eddlo<\/a> dne&nbsp;<a href=\"https:\/\/www.facebook.com\/sklizeno\/photos\/a.212750478779141\/2017637491623755\/?type=3\">Pond\u011bl\u00ed 21. ledna 2019<\/a><\/p><\/blockquote>\n<\/div>\n<p>&nbsp;<\/p>\n<p>Krom\u011b toho jsme roz\u0161\u00ed\u0159ili nab\u00eddku poledn\u00edch menu mimo bistra i&nbsp;do dal\u0161\u00edch prodejen. Vysly\u0161eli jsme tak p\u0159\u00e1n\u00ed z\u00e1kazn\u00edk\u016f, kte\u0159\u00ed volali po zpest\u0159en\u00ed mo\u017enosti d\u00e1t si i&nbsp;jin\u00fd ob\u011bd ne\u017e na\u0161i klasickou expres nab\u00eddku. Na poledn\u00ed menu se tak nyn\u00ed m\u016f\u017eete stavit v&nbsp;Brn\u011b na <a href=\"https:\/\/www.sklizeno.cz\/o-nas\/sklizeno-josefska\/\">Josefskou<\/a>, do <a href=\"https:\/\/www.sklizeno.cz\/o-nas\/brno-vankovka\/\">Va\u0148kovky<\/a> a&nbsp;do <a href=\"https:\/\/www.sklizeno.cz\/o-nas\/brno-olympia\/\">Olympie<\/a>, v Praze na <a href=\"https:\/\/www.sklizeno.cz\/o-nas\/sklizeno-harfa\/\">Harfu<\/a>, do <a href=\"https:\/\/www.sklizeno.cz\/o-nas\/sklizeno-fenix\/\">F\u00e9nixu<\/a>, na <a href=\"https:\/\/www.sklizeno.cz\/o-nas\/sklizeno-chodov\/\">Chodov<\/a> a&nbsp;na <a href=\"https:\/\/www.sklizeno.cz\/o-nas\/sklizeno-novy-smichov\/\">Nov\u00fd Sm\u00edchov<\/a>. A taky do <a href=\"https:\/\/www.sklizeno.cz\/o-nas\/sklizeno-dobrichovice\/\">Dob\u0159ichovic<\/a>.<\/p>\n<h3><\/h3>\n<h3><b>Sklizeno v&nbsp;podcastu Forbes.cz<\/b><\/h3>\n<p>Pro\u010d se Sklizeno spojilo se zna\u010dkami MY FOOD Market a&nbsp;N\u00e1\u0161 Grunt? A&nbsp;jak vid\u00edme budoucnost retailov\u00e9ho prodeje? \u0158editel SKLIZENO Food <strong>Petr Borkovec<\/strong> o&nbsp;tom mluvil v <a href=\"https:\/\/www.forbes.cz\/budoucnost-retailu-spojte-sluzbu-a-zazitek-rika-reditel-sklizena-borkovec\/\" target=\"_blank\" rel=\"noopener\">podcastu ekonomick\u00e9ho magaz\u00ednu Forbes<\/a>.<\/p>\n<h3><\/h3>\n<h3>M\u00e1me pap\u00edr na BIO<\/h3>\n<p>Certifik\u00e1t na to, \u017ee BIO je ve Sklizeno opravdu BIO, jsme z\u00edskali v b\u0159eznu. Obhajovat ho budeme v&nbsp;dubnu 2020.<\/p>\n<div id=\"fb-root\"><\/div>\n<p><script async=\"1\" defer=\"1\" crossorigin=\"anonymous\" src=\"https:\/\/connect.facebook.net\/cs_CZ\/sdk.js#xfbml=1&amp;version=v5.0\"><\/script><\/p>\n<div class=\"fb-post\" data-href=\"https:\/\/www.facebook.com\/sklizeno\/photos\/a.212750478779141\/2115125925208244\/?type=3&amp;theater\" data-width=\"500\">\n<blockquote cite=\"https:\/\/www.facebook.com\/sklizeno\/photos\/a.212750478779141\/2115125925208244\/?type=3\" class=\"fb-xfbml-parse-ignore\">\n<p>M\u00e1me pap\u00edr!Jak \u0159\u00edk\u00e1 Jaroslav Du\u0161ek, pap\u00edry jsou d\u016fle\u017eit\u00e9. Tenhle pap\u00edr n\u00e1s oprav\u0148uje k prodeji nebalen\u00e9ho BIO ovoce a&#8230;<\/p>\n<p>Zve\u0159ejnil(a) <a href=\"https:\/\/www.facebook.com\/sklizeno\/\">Sklizeno &#8211; opravdov\u00e9 j\u00eddlo<\/a> dne&nbsp;<a href=\"https:\/\/www.facebook.com\/sklizeno\/photos\/a.212750478779141\/2115125925208244\/?type=3\">\u010ctvrtek 28. b\u0159ezna 2019<\/a><\/p><\/blockquote>\n<\/div>\n<h3><\/h3>\n<h3>Nejlep\u0161\u00ed vejce jsou ve Sklizeno<\/h3>\n<p>Po\u0159ad A&nbsp;DOST! Jana Tuny provedl u&nbsp;p\u0159\u00edle\u017eitosti Velikonoc velk\u00fd nez\u00e1visl\u00fd test vajec. Testy odhalily dobarvov\u00e1n\u00ed \u017eloutk\u016f pomoc\u00ed karoten\u016f a karotenoid\u016f, kter\u00e9 se slepic\u00edm docela zbyte\u010dn\u011b p\u0159id\u00e1vaj\u00ed do zob\u00e1n\u00ed. Nejl\u00e9pe z&nbsp;test\u016f vy\u0161la vejce, kter\u00e1 prod\u00e1v\u00e1me v&nbsp;na\u0161ich prodejn\u00e1ch.<\/p>\n<div id=\"fb-root\"><\/div>\n<p><script async=\"1\" defer=\"1\" crossorigin=\"anonymous\" src=\"https:\/\/connect.facebook.net\/cs_CZ\/sdk.js#xfbml=1&amp;version=v5.0\"><\/script><\/p>\n<div class=\"fb-post\" data-href=\"https:\/\/www.facebook.com\/poradadost\/posts\/2563805757024918?__xts__%5B0%5D=68.ARCwMDizgpHRu22yqIq595VNHaWytlhAJhw1H4YuHsQPxVg-lcxpbWQ2-MO5YcaXbXza2odgbeNB_3-IBxs8ETigihByx-VapgCQ__SK85TKG4Av3hjaPZOjrRMxxFvL2LDXugk3pNSUliEnZW8Dd-5kpye__6hESg5JSrm2y8PUDCn7kFPHNBPiWjTpVUiJa3Wv6Uv3enO7UV5pC-FGwMRLsQdCyE5LL_dbtRlLwME8OYsdIeWYnaEX4qbdrLZ-MbsKhZSRIhkrxMv9VR69Lsh4oXPp8QsZj_W8Es1kCAeFiD9iqVVsQ76z8Az9W6RnesdDktvCR1z08AtXwmCgibBWyg&amp;__tn__=-R\" data-width=\"500\">\n<blockquote cite=\"https:\/\/www.facebook.com\/poradadost\/posts\/2563805757024918\" class=\"fb-xfbml-parse-ignore\">\n<p>\u203c\ufe0fPOZOR! VEJCE S CHEMICKY OBARVEN\u00ddMI \u017dLOUTKY. A TO DOKONCE I OZNA\u010cEN\u00c1 JAKO BIO, CO\u017d NEN\u00cd POVOLENO&#8230;.<\/p>\n<p>Zve\u0159ejnil(a) <a href=\"https:\/\/www.facebook.com\/poradadost\/\">A DOST<\/a> dne&nbsp;<a href=\"https:\/\/www.facebook.com\/poradadost\/posts\/2563805757024918\">Ned\u011ble 14. dubna 2019<\/a><\/p><\/blockquote>\n<\/div>\n<h3><\/h3>\n<h3>Ku\u0159e z&nbsp;\u010cerven\u00e9ho Hr\u00e1dku ostudu ned\u011bl\u00e1<\/h3>\n<p>\u010cerven\u00fd Hr\u00e1dek proslavil sv\u00fdm projevem soudruh exgener\u00e1ln\u00ed tajemn\u00edk \u00daV KS\u010c Milou\u0161 Jake\u0161, kdy\u017e si v&nbsp;n\u011bm mimo jin\u00e9 komicky popletl broljery a&nbsp;bojlery. T\u0159icet let po historick\u00e9m p\u0159ebreptu jsme v&nbsp;na\u0161ich prodejn\u00e1ch za\u010dali prod\u00e1vat Farm\u00e1\u0159sk\u00e1 ku\u0159ata z&nbsp;\u010cerven\u00e9ho Hr\u00e1dku, kter\u00e1 chov\u00e1me ve zrekonstruovan\u00fdch hal\u00e1ch a&nbsp;v&nbsp;modern\u00edch podm\u00ednk\u00e1ch, je\u017e jsou mezi \u010desk\u00fdmi chovy dr\u016fbe\u017ee v&nbsp;mnoha ohledech unik\u00e1tn\u00ed. V\u00edce si o&nbsp;ku\u0159atech z \u010cerven\u00e9ho Hr\u00e1dku m\u016f\u017eete p\u0159e\u010d\u00edst <a href=\"https:\/\/www.sklizeno.cz\/o-nas\/kure-z-cerveneho-hradku\/\">na na\u0161em webu<\/a>.<\/p>\n<p><a href=\"https:\/\/www.sklizeno.cz\/o-nas\/kure-z-cerveneho-hradku\/\"><img loading=\"lazy\" class=\"wp-image-12111 size-large alignnone\" src=\"https:\/\/www.sklizeno.cz\/o-nas\/wp-content\/uploads\/sites\/2\/2019\/04\/IMG_14646-632x421.jpg\" alt=\"\" width=\"632\" height=\"421\" srcset=\"https:\/\/www.sklizeno.cz\/o-nas\/wp-content\/uploads\/sites\/2\/2019\/04\/IMG_14646-632x421.jpg 632w, https:\/\/www.sklizeno.cz\/o-nas\/wp-content\/uploads\/sites\/2\/2019\/04\/IMG_14646-300x200.jpg 300w, https:\/\/www.sklizeno.cz\/o-nas\/wp-content\/uploads\/sites\/2\/2019\/04\/IMG_14646-768x512.jpg 768w, https:\/\/www.sklizeno.cz\/o-nas\/wp-content\/uploads\/sites\/2\/2019\/04\/IMG_14646.jpg 1200w\" sizes=\"(max-width: 632px) 100vw, 632px\" \/><\/a><\/p>\n<h3><\/h3>\n<h3>We Feel ECO<\/h3>\n<p>Spolupr\u00e1ce se zna\u010dkami, kter\u00e9 maj\u00ed v&nbsp;ohnisku pozornosti p\u0159\u00edrodu a&nbsp;ekologii \u2013 to n\u00e1s bav\u00ed a&nbsp;maj\u00ed u&nbsp;n\u00e1s v\u017edy zelenou. Jednou z&nbsp;takov\u00fdch, kter\u00e9 se n\u00e1m letos povedlo uzav\u0159\u00edt, je spolupr\u00e1ce se zna\u010dkou <a href=\"https:\/\/www.feeleco.com\/\" target=\"_blank\" rel=\"noopener\">Feel Eco<\/a>, kter\u00e1 vyr\u00e1b\u00ed p\u0159\u00edrodn\u00ed p\u00e9\u010di o&nbsp;t\u011blo i&nbsp;o&nbsp;dom\u00e1cnost.<\/p>\n<div id=\"fb-root\"><\/div>\n<p><script async=\"1\" defer=\"1\" crossorigin=\"anonymous\" src=\"https:\/\/connect.facebook.net\/cs_CZ\/sdk.js#xfbml=1&amp;version=v5.0\"><\/script><\/p>\n<div class=\"fb-post\" data-href=\"https:\/\/www.facebook.com\/sklizeno\/photos\/a.717810824939768\/2346303602090474\/?type=3&amp;theater\" data-width=\"500\">\n<blockquote cite=\"https:\/\/www.facebook.com\/sklizeno\/photos\/a.717810824939768\/2346303602090474\/?type=3\" class=\"fb-xfbml-parse-ignore\">\n<p>M\u00fdt \u010di nem\u00fdt?To je o\u010d tu b\u011b\u017e\u00ed! \ud83e\uddfc\ud83e\uddf4A\u0165 u\u017e se jedn\u00e1 o n\u00e1dob\u00ed nebo v\u00e1s samotn\u00e9, v dne\u0161n\u00ed dob\u011b je obzvl\u00e1\u0161\u0165 d\u016fle\u017eit\u00e9 myslet&#8230;<\/p>\n<p>Zve\u0159ejnil(a) <a href=\"https:\/\/www.facebook.com\/sklizeno\/\">Sklizeno &#8211; opravdov\u00e9 j\u00eddlo<\/a> dne&nbsp;<a href=\"https:\/\/www.facebook.com\/sklizeno\/photos\/a.717810824939768\/2346303602090474\/?type=3\">P\u00e1tek 9. srpna 2019<\/a><\/p><\/blockquote>\n<\/div>\n<h3><\/h3>\n<h3>Jsme v&nbsp;Olomouci na n\u00e1m\u011bst\u00ed<\/h3>\n<p>Nov\u00e1 prodejna Sklizeno m\u00e1 jednu z&nbsp;nejlep\u0161\u00edch adres v Olomouci \u2013 Doln\u00ed n\u00e1m\u011bst\u00ed 12. Otev\u0159eli jsme ji v&nbsp;\u0159\u00edjnu.<\/p>\n<div id=\"fb-root\"><\/div>\n<p><script async=\"1\" defer=\"1\" crossorigin=\"anonymous\" src=\"https:\/\/connect.facebook.net\/cs_CZ\/sdk.js#xfbml=1&amp;version=v5.0\"><\/script><\/p>\n<div class=\"fb-post\" data-href=\"https:\/\/www.facebook.com\/sklizeno\/photos\/a.717810824939768\/2470813169639516\/?type=3&amp;theater\" data-width=\"500\">\n<blockquote cite=\"https:\/\/www.facebook.com\/sklizeno\/photos\/a.717810824939768\/2470813169639516\/?type=3\" class=\"fb-xfbml-parse-ignore\">\n<p>Sklizeno nov\u011b najdete i v sam\u00e9m \u2764\ufe0f Olomouce \u2013 na Doln\u00edm n\u00e1m\u011bst\u00ed.Novinky z prodejny budete m\u00edt v\u017edy \u010derstv\u00e9 na str\u00e1nce Sklizeno-opravdov\u00e9 j\u00eddlo Olomouc, tak\u017ee olomou\u010dt\u00ed, zalajkn\u011bte si, a\u0165 v\u00e1m nic neute\u010de!<\/p>\n<p>Zve\u0159ejnil(a) <a href=\"https:\/\/www.facebook.com\/sklizeno\/\">Sklizeno &#8211; opravdov\u00e9 j\u00eddlo<\/a> dne&nbsp;<a href=\"https:\/\/www.facebook.com\/sklizeno\/photos\/a.717810824939768\/2470813169639516\/?type=3\">\u00dater\u00fd 15. \u0159\u00edjna 2019<\/a><\/p><\/blockquote>\n<\/div>\n<p>&nbsp;<\/p>\n<h3>Nov\u00fd v\u011brnostn\u00ed program<\/h3>\n<p>Po dlouh\u00fdch m\u011bs\u00edc\u00edch p\u0159em\u00fd\u0161len\u00ed a&nbsp;p\u0159\u00edprav jsme v&nbsp;\u0159\u00edjnu kone\u010dn\u011b nasadili novou, modern\u00ed verzi <strong>V\u011brnostn\u00edho programu SKLIZENO<\/strong>. Jeho \u00fa\u010dastn\u00edci sb\u00edraj\u00ed za ka\u017ed\u00fd n\u00e1kup v\u011brnostn\u00ed body a&nbsp;ty se jim posl\u00e9ze prom\u011bn\u00ed na finan\u010dn\u00ed bonus, kter\u00fd jim zlevn\u00ed budouc\u00ed n\u00e1kup. Ka\u017ed\u00fdch 14 dn\u00ed se m\u011bn\u00ed slo\u017een\u00ed tzv. bonusov\u00fdch rekordman\u016f, tj. v\u00fdrobk\u016f se zdvoj- nebo ztrojn\u00e1sobenou hodnotou bonusu. N\u00e1kupem t\u011bchto produkt\u016f sb\u00edr\u00e1te sv\u00e9 body rychleji.<\/p>\n<p>Pro z\u00e1kazn\u00edky, kte\u0159\u00ed u&nbsp;n\u00e1s nakupuj\u00ed \u010dasto, m\u00e1me&nbsp;p\u0159ipravenou&nbsp;<strong>pr\u00e9miovou Gold kartu<\/strong>, je\u017e v&nbsp;sob\u011b skr\u00fdv\u00e1 dal\u0161\u00ed v\u00fdhody.<\/p>\n<p>Registrace je mo\u017en\u00e1 v&nbsp;zapojen\u00fdch prodejn\u00e1ch nebo online rovnou <a href=\"https:\/\/www.sklizeno.cz\/vernostni-program\">na str\u00e1nce V\u011brnostn\u00edho programu<\/a>.<\/p>\n<p><a href=\"https:\/\/www.sklizeno.cz\/vernostni-program\"><img loading=\"lazy\" width=\"632\" height=\"549\" class=\"size-large wp-image-12749 alignnone\" src=\"https:\/\/www.sklizeno.cz\/o-nas\/wp-content\/uploads\/sites\/2\/2019\/10\/DSCF9625_1-632x549.jpg\" alt=\"\" srcset=\"https:\/\/www.sklizeno.cz\/o-nas\/wp-content\/uploads\/sites\/2\/2019\/10\/DSCF9625_1-632x549.jpg 632w, https:\/\/www.sklizeno.cz\/o-nas\/wp-content\/uploads\/sites\/2\/2019\/10\/DSCF9625_1-300x261.jpg 300w, https:\/\/www.sklizeno.cz\/o-nas\/wp-content\/uploads\/sites\/2\/2019\/10\/DSCF9625_1-768x667.jpg 768w, https:\/\/www.sklizeno.cz\/o-nas\/wp-content\/uploads\/sites\/2\/2019\/10\/DSCF9625_1.jpg 1000w\" sizes=\"(max-width: 632px) 100vw, 632px\" \/><\/a><\/p>\n<p>&nbsp;<\/p>\n<h3>Svatomartinsk\u00e9 a&nbsp;cukrov\u00ed<\/h3>\n<p>Zajistit kvalitu je pro n\u00e1s ta nejd\u016fle\u017eit\u011bj\u0161\u00ed z\u00e1sada. Proto jsme ani letos nevynechali mo\u017enost objedn\u00e1n\u00ed svatomartinsk\u00e9 husy (nebo kachny) a&nbsp;tak\u00e9 objedn\u00e1vku v\u00e1no\u010dn\u00edho cukrov\u00ed, kter\u00e9 pro n\u00e1s pe\u010de Zdrav\u00e9 stravov\u00e1n\u00ed. Letos to bylo 18 druh\u016f v\u00e1no\u010dn\u00edho cukrov\u00ed. Mo\u017en\u00e1 je je\u0161t\u011b n\u011bkdo m\u00e1te doma. Nebo u\u017e se po n\u011bm u&nbsp;strome\u010dku zapr\u00e1\u0161ilo?<\/p>\n<div id=\"fb-root\"><\/div>\n<p><script async=\"1\" defer=\"1\" crossorigin=\"anonymous\" src=\"https:\/\/connect.facebook.net\/cs_CZ\/sdk.js#xfbml=1&amp;version=v5.0\"><\/script><\/p>\n<div class=\"fb-post\" data-href=\"https:\/\/www.facebook.com\/sklizeno\/photos\/a.212750478779141\/2492472814140218\/?type=3&amp;theater\" data-width=\"500\">\n<blockquote cite=\"https:\/\/www.facebook.com\/sklizeno\/photos\/a.212750478779141\/2492472814140218\/?type=3\" class=\"fb-xfbml-parse-ignore\">\n<p>U\u017e jen p\u00e1r dn\u00ed zb\u00fdv\u00e1 do konce \u0159\u00edjna a t\u00edm i do konce objedn\u00e1vek hus\u00ed a kachen. Neme\u0161kejte a dob\u011bhn\u011bte si zarezervovat&#8230;<\/p>\n<p>Zve\u0159ejnil(a) <a href=\"https:\/\/www.facebook.com\/sklizeno\/\">Sklizeno &#8211; opravdov\u00e9 j\u00eddlo<\/a> dne&nbsp;<a href=\"https:\/\/www.facebook.com\/sklizeno\/photos\/a.212750478779141\/2492472814140218\/?type=3\">P\u00e1tek 25. \u0159\u00edjna 2019<\/a><\/p><\/blockquote>\n<\/div>\n<div id=\"fb-root\"><\/div>\n<p><script async=\"1\" defer=\"1\" crossorigin=\"anonymous\" src=\"https:\/\/connect.facebook.net\/cs_CZ\/sdk.js#xfbml=1&amp;version=v5.0\"><\/script><\/p>\n<div class=\"fb-post\" data-href=\"https:\/\/www.facebook.com\/sklizeno\/photos\/a.212750478779141\/2578780965509402\/?type=3&amp;theater\" data-width=\"500\">\n<blockquote cite=\"https:\/\/www.facebook.com\/sklizeno\/photos\/a.212750478779141\/2578780965509402\/?type=3\" class=\"fb-xfbml-parse-ignore\">\n<p>Co m\u016f\u017ee\u0161 ud\u011blat dnes, nenech\u00e1vej na poz\u00edt\u0159ek!U\u017d JEN DNES A Z\u00cdTRA si m\u016f\u017eete objednat 18 druh\u016f v\u00e1no\u010dn\u00edho cukrov\u00ed, kter\u00e9&#8230;<\/p>\n<p>Zve\u0159ejnil(a) <a href=\"https:\/\/www.facebook.com\/sklizeno\/\">Sklizeno &#8211; opravdov\u00e9 j\u00eddlo<\/a> dne&nbsp;<a href=\"https:\/\/www.facebook.com\/sklizeno\/photos\/a.212750478779141\/2578780965509402\/?type=3\">\u00dater\u00fd 3. prosince 2019<\/a><\/p><\/blockquote>\n<\/div>\n<p>&nbsp;<\/p>\n<h3>Sout\u011b\u017e\u00edte. A&nbsp;vyhr\u00e1v\u00e1te!<\/h3>\n<p>Sout\u011b\u017ee m\u00e1te r\u00e1di. My taky, proto\u017ee v\u00e1m r\u00e1di d\u011bl\u00e1me radost. Letos jste si mohli zasout\u011b\u017eit nap\u0159\u00edklad <a href=\"https:\/\/www.sklizeno.cz\/o-nas\/kup-ovocne-platky-a-vyhraj-vikendovy-pobyt-pro-celou-rodinu\/\">s&nbsp;Ovoc\u0148\u00e1kem o&nbsp;v\u00edkendov\u00fd pobyt v Luha\u010dovic\u00edch<\/a>. Zopakovali jsme tak\u00e9 \u00fasp\u011b\u0161nou p\u0159edv\u00e1no\u010dn\u00ed hlasovac\u00ed <strong>Velkou d\u00e1rkovou <del>loupe\u017e<\/del> sout\u011b\u017e<\/strong>.<\/p>\n<div id=\"fb-root\"><\/div>\n<p><script async=\"1\" defer=\"1\" crossorigin=\"anonymous\" src=\"https:\/\/connect.facebook.net\/cs_CZ\/sdk.js#xfbml=1&amp;version=v5.0\"><\/script><\/p>\n<div class=\"fb-post\" data-href=\"https:\/\/www.facebook.com\/sklizeno\/photos\/a.212750478779141\/2192531590801010\/?type=3&amp;theater\" data-width=\"500\">\n<blockquote cite=\"https:\/\/www.facebook.com\/sklizeno\/photos\/a.212750478779141\/2192531590801010\/?type=3\" class=\"fb-xfbml-parse-ignore\">\n<p>Kupte si Ovoc\u0148\u00e1k Ovocn\u00e9 pl\u00e1tky v n\u011bkter\u00e9 z na\u0161ich prodejen a vyhrajte wellness v\u00edkend v Luha\u010dovic\u00edch!\ud83c\udf52\ud83c\udf4f\ud83c\udf51V\u00edce o sout\u011b\u017ei najdete na na\u0161em webu: bit.ly\/sout\u011b\u017e-s-ovoc\u0148\u00e1kem<\/p>\n<p>Zve\u0159ejnil(a) <a href=\"https:\/\/www.facebook.com\/sklizeno\/\">Sklizeno &#8211; opravdov\u00e9 j\u00eddlo<\/a> dne&nbsp;<a href=\"https:\/\/www.facebook.com\/sklizeno\/photos\/a.212750478779141\/2192531590801010\/?type=3\">\u00dater\u00fd 14. kv\u011btna 2019<\/a><\/p><\/blockquote>\n<\/div>\n<div id=\"fb-root\"><\/div>\n<p><script async=\"1\" defer=\"1\" crossorigin=\"anonymous\" src=\"https:\/\/connect.facebook.net\/cs_CZ\/sdk.js#xfbml=1&amp;version=v5.0\"><\/script><\/p>\n<div class=\"fb-post\" data-href=\"https:\/\/www.facebook.com\/sklizeno\/photos\/a.212750478779141\/2576443815743117\/?type=3&amp;theater\" data-width=\"500\">\n<blockquote cite=\"https:\/\/www.facebook.com\/sklizeno\/photos\/a.212750478779141\/2576443815743117\/?type=3\" class=\"fb-xfbml-parse-ignore\">\n<p>Pozor, m\u00e1me tu prvn\u00ed duel Velk\u00e9 d\u00e1rkov\u00e9 sout\u011b\u017ee. V n\u011bm se o va\u0161i p\u0159\u00edze\u0148 utkaj\u00ed dv\u011b t\u011b\u017ek\u00e9 v\u00e1hy \u2013 Indie \ud83c\uddee\ud83c\uddf3 a Vietnam \ud83c\uddfb\ud83c\uddf3&#8230;.<\/p>\n<p>Zve\u0159ejnil(a) <a href=\"https:\/\/www.facebook.com\/sklizeno\/\">Sklizeno &#8211; opravdov\u00e9 j\u00eddlo<\/a> dne&nbsp;<a href=\"https:\/\/www.facebook.com\/sklizeno\/photos\/a.212750478779141\/2576443815743117\/?type=3\">Pond\u011bl\u00ed 2. prosince 2019<\/a><\/p><\/blockquote>\n<\/div>\n<div id=\"fb-root\"><\/div>\n<p><script async=\"1\" defer=\"1\" crossorigin=\"anonymous\" src=\"https:\/\/connect.facebook.net\/cs_CZ\/sdk.js#xfbml=1&amp;version=v5.0\"><\/script><\/p>\n<div class=\"fb-post\" data-href=\"https:\/\/www.facebook.com\/sklizeno\/photos\/a.717810824939768\/2619878158066349\/?type=3&amp;theater\" data-width=\"500\">\n<blockquote cite=\"https:\/\/www.facebook.com\/sklizeno\/photos\/a.717810824939768\/2619878158066349\/?type=3\" class=\"fb-xfbml-parse-ignore\">\n<p>V\u00fdhra z Velk\u00e9 d\u00e1rkov\u00e9 sout\u011b\u017ee \u2013 bal\u00ed\u010dek v hodnot\u011b 1500 K\u010d \u2013 u\u017e je v rukou \u0161\u0165astn\u00e9 v\u00fdherkyn\u011b. Gratulujeme a v\u0161em p\u0159ejeme po\u017eehnanou posledn\u00ed adventn\u00ed ned\u011bli.<\/p>\n<p>Zve\u0159ejnil(a) <a href=\"https:\/\/www.facebook.com\/sklizeno\/\">Sklizeno &#8211; opravdov\u00e9 j\u00eddlo<\/a> dne&nbsp;<a href=\"https:\/\/www.facebook.com\/sklizeno\/photos\/a.717810824939768\/2619878158066349\/?type=3\">Sobota 21. prosince 2019<\/a><\/p><\/blockquote>\n<\/div>\n<p>&nbsp;<\/p>\n<h3><b>P\u00ed\u0161eme p\u0159\u00edb\u011bhy dobr\u00e9ho j\u00eddla<\/b><\/h3>\n<p><span style=\"font-weight: 400\">Hled\u00e1te inspiraci? Informace? Pou\u010den\u00ed? Mrkn\u011bte na n\u00e1\u0161 <a href=\"https:\/\/www.sklizeno.cz\/o-nas\/category\/blog\/\" target=\"_blank\" rel=\"noopener\">blog<\/a><\/span><span style=\"font-weight: 400\">, kam pro v\u00e1s p\u00ed\u0161eme \u010dl\u00e1nky, recepty, n\u00e1vody atd. V&nbsp;roce 2019 jsme si u\u017eili zejm\u00e9na:<\/span><\/p>\n<ul>\n<li><a href=\"https:\/\/www.sklizeno.cz\/o-nas\/jaky-bude-rok-2019-na-taliri\/\">Gastrotrendy roku 2019<\/a><\/li>\n<li><a href=\"https:\/\/www.sklizeno.cz\/o-nas\/vinarstvi-samsula-potreti-za-sebou-mezi-nejlepsimi\/\">Rozhovor se \u0160am\u0161ulov\u00fdmi<\/a> z&nbsp;rodinn\u00e9ho vina\u0159stv\u00ed \u0160am\u0161ula, kte\u0159\u00ed se pot\u0159et\u00ed za sebou probojovali do fin\u00e1le sout\u011b\u017ee Vina\u0159stv\u00ed roku. A&nbsp;tak\u00e9 s&nbsp;<a href=\"https:\/\/www.sklizeno.cz\/o-nas\/vina-z-krasne-hory-ve-sklizeno-i-newyorskych-restauracich\/\">Markem Vyb\u00edralem z Vina\u0159stv\u00ed Kr\u00e1sn\u00e1 hora<\/a>. V\u00edna z&nbsp;obou vina\u0159stv\u00ed najdete v&nbsp;na\u0161ich prodejn\u00e1ch.<\/li>\n<li><a href=\"https:\/\/www.sklizeno.cz\/o-nas\/50-odstinu-velikonoc-prirodnich\/\">Tipy na velikono\u010dn\u00ed barven\u00ed vaj\u00ed\u010dek p\u0159\u00edrodn\u00edmi barvivy<\/a><\/li>\n<li>Inspirace na <a href=\"https:\/\/www.sklizeno.cz\/o-nas\/vezmete-si-vareni-ven\/\">outdoor va\u0159en\u00ed<\/a><\/li>\n<li><a href=\"https:\/\/www.sklizeno.cz\/o-nas\/fandime-zdrave\/\">Recept na spr\u00e1vnou \u017eivotospr\u00e1vu b\u011bhem fand\u011bn\u00ed (nejen) \u010desk\u00fdm hokejist\u016fm<\/a><\/li>\n<li>Nov\u00fd buzzword, recept na pohodu ze severn\u00ed Evropy \u2013 <a href=\"https:\/\/www.sklizeno.cz\/o-nas\/naucte-se-zit-hygge\/\">HYGGE<\/a><\/li>\n<li>A p\u0159edev\u0161\u00edm <a href=\"https:\/\/www.sklizeno.cz\/o-nas\/30-let-svobody-na-nasich-talirich\/\">rekordy trhaj\u00edc\u00ed \u010dl\u00e1nek, kter\u00fdm jsme p\u0159ipomn\u011bli 30. v\u00fdro\u010d\u00ed sametov\u00e9 revoluce 1989<\/a>, tentokr\u00e1t z pohledu obsahu na\u0161ich tal\u00ed\u0159\u016f<\/li>\n<\/ul>\n<div id=\"fb-root\"><\/div>\n<p><script async=\"1\" defer=\"1\" crossorigin=\"anonymous\" src=\"https:\/\/connect.facebook.net\/cs_CZ\/sdk.js#xfbml=1&amp;version=v5.0\"><\/script><\/p>\n<div class=\"fb-post\" data-href=\"https:\/\/www.facebook.com\/sklizeno\/photos\/a.212750478779141\/2535144763206356\/?type=3&amp;theater\" data-width=\"500\">\n<blockquote cite=\"https:\/\/www.facebook.com\/sklizeno\/photos\/a.212750478779141\/2535144763206356\/?type=3\" class=\"fb-xfbml-parse-ignore\">\n<p>P\u0159ed t\u0159iceti lety jsme cht\u011bli svobodu. A dostali jsme ji. Zvonili jsme kl\u00ed\u010di na n\u00e1m\u011bst\u00edch za to, \u017ee nechceme b\u00fdt&#8230;<\/p>\n<p>Zve\u0159ejnil(a) <a href=\"https:\/\/www.facebook.com\/sklizeno\/\">Sklizeno &#8211; opravdov\u00e9 j\u00eddlo<\/a> dne&nbsp;<a href=\"https:\/\/www.facebook.com\/sklizeno\/photos\/a.212750478779141\/2535144763206356\/?type=3\">St\u0159eda 13. listopadu 2019<\/a><\/p><\/blockquote>\n<\/div>\n<p>&nbsp;<\/p>\n<p><span style=\"font-weight: 400\">Do nov\u00e9ho roku 2020 v\u00e1m p\u0159ejeme, abyste si v\u017edy na\u0161li \u010das na to vychutnat si kvalitu ve va\u0161em \u017eivot\u011b.&nbsp;<\/span><\/p>\n","protected":false},"excerpt":{"rendered":"<p>Kon\u010d\u00ed nejen rok, ale i&nbsp;cel\u00e1 dek\u00e1da, kdy jsme si navykli ps\u00e1t letopo\u010det za\u010d\u00ednaj\u00edc\u00ed \u010d\u00edsly 2-0-1. Tahle desetiletka p\u0159inesla do sv\u011bta spoustu v\u011bc\u00ed, dobr\u00fdch i&nbsp;m\u00e9n\u011b dobr\u00fdch, vesel\u00fdch i&nbsp;smutn\u00fdch, z\u00e1bavn\u00fdch i&nbsp;nudn\u00fdch. Pro n\u00e1s byl kl\u00ed\u010dov\u00fd rok 2011, kdy u&nbsp;brn\u011bnsk\u00e9 hokejov\u00e9 ar\u00e9ny (kter\u00e1 je\u0161t\u011b tehdy nesla p\u016fvodn\u00ed n\u00e1zev Hala Rondo) otev\u0159ela prvn\u00ed prodejna SKLIZENO. Mimochodem, bylo to ve [&hellip;]<\/p>\n","protected":false},"author":28,"featured_media":12958,"comment_status":"open","ping_status":"closed","sticky":false,"template":"","format":"standard","meta":[],"categories":[1],"tags":[],"recepies_category":[],"recepies_tag":[],"_links":{"self":[{"href":"https:\/\/www.sklizeno.cz\/o-nas\/wp-json\/wp\/v2\/posts\/12913"}],"collection":[{"href":"https:\/\/www.sklizeno.cz\/o-nas\/wp-json\/wp\/v2\/posts"}],"about":[{"href":"https:\/\/www.sklizeno.cz\/o-nas\/wp-json\/wp\/v2\/types\/post"}],"author":[{"embeddable":true,"href":"https:\/\/www.sklizeno.cz\/o-nas\/wp-json\/wp\/v2\/users\/28"}],"replies":[{"embeddable":true,"href":"https:\/\/www.sklizeno.cz\/o-nas\/wp-json\/wp\/v2\/comments?post=12913"}],"version-history":[{"count":11,"href":"https:\/\/www.sklizeno.cz\/o-nas\/wp-json\/wp\/v2\/posts\/12913\/revisions"}],"predecessor-version":[{"id":14365,"href":"https:\/\/www.sklizeno.cz\/o-nas\/wp-json\/wp\/v2\/posts\/12913\/revisions\/14365"}],"wp:featuredmedia":[{"embeddable":true,"href":"https:\/\/www.sklizeno.cz\/o-nas\/wp-json\/wp\/v2\/media\/12958"}],"wp:attachment":[{"href":"https:\/\/www.sklizeno.cz\/o-nas\/wp-json\/wp\/v2\/media?parent=12913"}],"wp:term":[{"taxonomy":"category","embeddable":true,"href":"https:\/\/www.sklizeno.cz\/o-nas\/wp-json\/wp\/v2\/categories?post=12913"},{"taxonomy":"post_tag","embeddable":true,"href":"https:\/\/www.sklizeno.cz\/o-nas\/wp-json\/wp\/v2\/tags?post=12913"},{"taxonomy":"recepies_category","embeddable":true,"href":"https:\/\/www.sklizeno.cz\/o-nas\/wp-json\/wp\/v2\/recepies_category?post=12913"},{"taxonomy":"recepies_tag","embeddable":true,"href":"https:\/\/www.sklizeno.cz\/o-nas\/wp-json\/wp\/v2\/recepies_tag?post=12913"}],"curies":[{"name":"wp","href":"https:\/\/api.w.org\/{rel}","templated":true}]}}