{"id":12615,"date":"2019-08-28T08:17:12","date_gmt":"2019-08-28T07:17:12","guid":{"rendered":"https:\/\/www.sklizeno.cz\/o-nas\/?p=12615"},"modified":"2020-02-19T05:28:04","modified_gmt":"2020-02-19T04:28:04","slug":"kure_z_cerveneho_hradku","status":"publish","type":"post","link":"https:\/\/www.sklizeno.cz\/o-nas\/kure_z_cerveneho_hradku\/","title":{"rendered":"Ku\u0159e z&nbsp;\u010cerven\u00e9ho Hr\u00e1dku"},"content":{"rendered":"<p><img loading=\"lazy\" width=\"632\" height=\"180\" class=\"alignnone size-large wp-image-12205\" src=\"https:\/\/www.sklizeno.cz\/o-nas\/wp-content\/uploads\/sites\/2\/2019\/04\/sklizeno-kurefarmarske-blog-headline-1053-632x180.png\" alt=\"\" srcset=\"https:\/\/www.sklizeno.cz\/o-nas\/wp-content\/uploads\/sites\/2\/2019\/04\/sklizeno-kurefarmarske-blog-headline-1053-632x180.png 632w, https:\/\/www.sklizeno.cz\/o-nas\/wp-content\/uploads\/sites\/2\/2019\/04\/sklizeno-kurefarmarske-blog-headline-1053-300x85.png 300w, https:\/\/www.sklizeno.cz\/o-nas\/wp-content\/uploads\/sites\/2\/2019\/04\/sklizeno-kurefarmarske-blog-headline-1053-768x219.png 768w, https:\/\/www.sklizeno.cz\/o-nas\/wp-content\/uploads\/sites\/2\/2019\/04\/sklizeno-kurefarmarske-blog-headline-1053.png 1053w\" sizes=\"(max-width: 632px) 100vw, 632px\" \/><\/p>\n<h2>Spokojen\u00e1 ku\u0159ata z\u00a0vlastn\u00edho chovu<\/h2>\n<p>Ku\u0159e z\u00a0\u010cerven\u00e9ho Hr\u00e1dku \u2013 to je zna\u010dka dr\u016fbe\u017ee, kterou koup\u00edte v\u00a0na\u0161ich prodejn\u00e1ch Sklizeno.<\/p>\n<p>D\u00edky investici v\u00a0\u0159\u00e1du milion\u016f korun, kterou Sklizeno prost\u0159ednictv\u00edm sv\u00e9ho investi\u010dn\u00edho centra a\u00a0spoluprac\u00ed s\u00a0Druhaz Sedl\u010dany do projektu vlo\u017eilo, v\u00e1m m\u016f\u017eeme nab\u00edzet eticky chovanou dr\u016fbe\u017e v\u00a0kvalit\u011b, je\u017e je <strong>na \u010desk\u00e9m trhu tak\u0159ka nedostupn\u00e1<\/strong>.<\/p>\n<p>D\u016fle\u017eit\u00fdm aspektem je fakt, \u017ee <strong>ku\u0159ata jsou chov\u00e1na eticky<\/strong>, co\u017e se podstatn\u011b projevuje na <strong>kvalit\u011b a\u00a0chuti masa<\/strong>. Vy si je tak m\u016f\u017eete koupit s\u00a0v\u011bdom\u00edm, \u017ee m\u011bla del\u0161\u00ed a\u00a0kvalitn\u011bj\u0161\u00ed \u017eivot ne\u017e ku\u0159ata z\u00a0b\u011b\u017en\u00fdch velkochov\u016f. Na jejich chovu se toti\u017e nap\u0159\u00edmo pod\u00edl\u00edme a\u00a0nastavujeme jeho podm\u00ednky.<\/p>\n<p>Ku\u0159ata jsou chov\u00e1na v\u00a0\u010cerven\u00e9m Hr\u00e1dku u\u00a0Sedl\u010dan v\u00a0modern\u00edm prost\u0159ed\u00ed pro <strong>welfare chov<\/strong>. Zde maj\u00ed <strong>2x\u00a0v\u00edce prostoru pro \u017eivot<\/strong> ne\u017eli v\u00a0b\u011b\u017en\u00e9m konven\u010dn\u00edm chovu, jsou krmen\u00e1 kuku\u0159ic\u00ed, je\u010dmenem a\u00a0p\u0161enic\u00ed <strong>bez GMO<\/strong>. Mohou se <strong>voln\u011b pohybovat<\/strong> a\u00a0dodr\u017euj\u00ed se zde p\u0159irozen\u00e9 denn\u00ed a\u00a0no\u010dn\u00ed cykly. Krom\u011b toho ku\u0159ata <strong>\u017eij\u00ed 57\u00a0a\u017e\u00a070\u00a0dn\u016f<\/strong>, co\u017e je v\u00fdrazn\u011b d\u00e9le, ne\u017e je b\u011b\u017en\u00e9. Byli bychom r\u00e1di, kdyby se podobn\u00e9 chovy staly standardem, bohu\u017eel jsou to ale podm\u00ednky, kter\u00e1 zv\u00ed\u0159at\u016fm neposkytuje v \u010cesku t\u00e9m\u011b\u0159 \u017e\u00e1dn\u00fd chovatel dr\u016fbe\u017ee.<\/p>\n<p><img loading=\"lazy\" width=\"632\" height=\"102\" class=\"alignnone size-large wp-image-12206\" src=\"https:\/\/www.sklizeno.cz\/o-nas\/wp-content\/uploads\/sites\/2\/2019\/04\/sklizeno-kurefarmarske-blog-vyhody-1053-632x102.png\" alt=\"\" srcset=\"https:\/\/www.sklizeno.cz\/o-nas\/wp-content\/uploads\/sites\/2\/2019\/04\/sklizeno-kurefarmarske-blog-vyhody-1053-632x102.png 632w, https:\/\/www.sklizeno.cz\/o-nas\/wp-content\/uploads\/sites\/2\/2019\/04\/sklizeno-kurefarmarske-blog-vyhody-1053-300x48.png 300w, https:\/\/www.sklizeno.cz\/o-nas\/wp-content\/uploads\/sites\/2\/2019\/04\/sklizeno-kurefarmarske-blog-vyhody-1053-768x124.png 768w, https:\/\/www.sklizeno.cz\/o-nas\/wp-content\/uploads\/sites\/2\/2019\/04\/sklizeno-kurefarmarske-blog-vyhody-1053.png 1053w\" sizes=\"(max-width: 632px) 100vw, 632px\" \/><\/p>\n<p>Koupit si Ku\u0159e z\u00a0\u010cerven\u00e9ho Hr\u00e1dku m\u016f\u017eete s\u00a0v\u011bdom\u00edm, \u017ee za sv\u00e9 pen\u00edze dost\u00e1v\u00e1te v\u00fdjime\u010dn\u00fd kousek masa. Nav\u00edc d\u00edky dobr\u00e9mu \u017eivotu ku\u0159ata chutnaj\u00ed tak, jak opravdu maj\u00ed. V na\u0161ich reg\u00e1lech v\u00a0prodejn\u00e1ch Sklizeno je najdete pod zna\u010dkou Ku\u0159e z\u00a0\u010cerven\u00e9ho Hr\u00e1dku \u2013 s\u00a0pe\u010det\u00ed Kl\u00e1skov\u00e9 ku\u0159e.<\/p>\n<p>Jsme zast\u00e1nci toho, \u017ee maso bychom si m\u011bli dop\u0159\u00e1vat <strong>m\u00e9n\u011b \u010dasto, ale o\u00a0to kvalitn\u011bj\u0161\u00ed<\/strong>. My ve Sklizeno se sna\u017e\u00edme, aby bylo kvalitn\u00ed maso ze spokojen\u00fdch zv\u00ed\u0159at dostupn\u011bj\u0161\u00ed, a\u00a0budeme r\u00e1di, kdy\u017e n\u00e1s v\u00a0tomto \u00fasil\u00ed vy \u2013 na\u0161i z\u00e1kazn\u00edci \u2013 podpo\u0159\u00edte a\u00a0kvalitu ocen\u00edte.<\/p>\n<p style=\"text-align: center\">\n","protected":false},"excerpt":{"rendered":"<p>Spokojen\u00e1 ku\u0159ata z\u00a0vlastn\u00edho chovu Ku\u0159e z\u00a0\u010cerven\u00e9ho Hr\u00e1dku \u2013 to je zna\u010dka dr\u016fbe\u017ee, kterou koup\u00edte v\u00a0na\u0161ich prodejn\u00e1ch Sklizeno. D\u00edky investici v\u00a0\u0159\u00e1du milion\u016f korun, kterou Sklizeno prost\u0159ednictv\u00edm sv\u00e9ho investi\u010dn\u00edho centra a\u00a0spoluprac\u00ed s\u00a0Druhaz Sedl\u010dany do projektu vlo\u017eilo, v\u00e1m m\u016f\u017eeme nab\u00edzet eticky chovanou dr\u016fbe\u017e v\u00a0kvalit\u011b, je\u017e je na \u010desk\u00e9m trhu tak\u0159ka nedostupn\u00e1. D\u016fle\u017eit\u00fdm aspektem je fakt, \u017ee ku\u0159ata jsou [&hellip;]<\/p>\n","protected":false},"author":22,"featured_media":12619,"comment_status":"open","ping_status":"closed","sticky":false,"template":"","format":"standard","meta":[],"categories":[36],"tags":[],"recepies_category":[],"recepies_tag":[],"_links":{"self":[{"href":"https:\/\/www.sklizeno.cz\/o-nas\/wp-json\/wp\/v2\/posts\/12615"}],"collection":[{"href":"https:\/\/www.sklizeno.cz\/o-nas\/wp-json\/wp\/v2\/posts"}],"about":[{"href":"https:\/\/www.sklizeno.cz\/o-nas\/wp-json\/wp\/v2\/types\/post"}],"author":[{"embeddable":true,"href":"https:\/\/www.sklizeno.cz\/o-nas\/wp-json\/wp\/v2\/users\/22"}],"replies":[{"embeddable":true,"href":"https:\/\/www.sklizeno.cz\/o-nas\/wp-json\/wp\/v2\/comments?post=12615"}],"version-history":[{"count":7,"href":"https:\/\/www.sklizeno.cz\/o-nas\/wp-json\/wp\/v2\/posts\/12615\/revisions"}],"predecessor-version":[{"id":13019,"href":"https:\/\/www.sklizeno.cz\/o-nas\/wp-json\/wp\/v2\/posts\/12615\/revisions\/13019"}],"wp:featuredmedia":[{"embeddable":true,"href":"https:\/\/www.sklizeno.cz\/o-nas\/wp-json\/wp\/v2\/media\/12619"}],"wp:attachment":[{"href":"https:\/\/www.sklizeno.cz\/o-nas\/wp-json\/wp\/v2\/media?parent=12615"}],"wp:term":[{"taxonomy":"category","embeddable":true,"href":"https:\/\/www.sklizeno.cz\/o-nas\/wp-json\/wp\/v2\/categories?post=12615"},{"taxonomy":"post_tag","embeddable":true,"href":"https:\/\/www.sklizeno.cz\/o-nas\/wp-json\/wp\/v2\/tags?post=12615"},{"taxonomy":"recepies_category","embeddable":true,"href":"https:\/\/www.sklizeno.cz\/o-nas\/wp-json\/wp\/v2\/recepies_category?post=12615"},{"taxonomy":"recepies_tag","embeddable":true,"href":"https:\/\/www.sklizeno.cz\/o-nas\/wp-json\/wp\/v2\/recepies_tag?post=12615"}],"curies":[{"name":"wp","href":"https:\/\/api.w.org\/{rel}","templated":true}]}}