{"id":11821,"date":"2019-02-15T06:24:55","date_gmt":"2019-02-15T05:24:55","guid":{"rendered":"https:\/\/www.sklizeno.cz\/o-nas\/?p=11821"},"modified":"2019-07-29T14:47:26","modified_gmt":"2019-07-29T13:47:26","slug":"vinarstvi-samsula-potreti-za-sebou-mezi-nejlepsimi","status":"publish","type":"post","link":"https:\/\/www.sklizeno.cz\/o-nas\/vinarstvi-samsula-potreti-za-sebou-mezi-nejlepsimi\/","title":{"rendered":"Vina\u0159stv\u00ed \u0160am\u0161ula \u2013\u00a0pot\u0159et\u00ed za sebou mezi nejlep\u0161\u00edmi"},"content":{"rendered":"<p><img loading=\"lazy\" width=\"632\" height=\"421\" class=\"alignnone size-large wp-image-11823\" src=\"https:\/\/www.sklizeno.cz\/o-nas\/wp-content\/uploads\/sites\/2\/2019\/02\/Mark\u00e9ta-Jakub-\u0160AM\u0160ULA-632x421.jpg\" alt=\"Vina\u0159stv\u00ed \u0160am\u0161ula - Mark\u00e9ta a Jakub \u0160am\u0161ulovi\" srcset=\"https:\/\/www.sklizeno.cz\/o-nas\/wp-content\/uploads\/sites\/2\/2019\/02\/Mark\u00e9ta-Jakub-\u0160AM\u0160ULA-632x421.jpg 632w, https:\/\/www.sklizeno.cz\/o-nas\/wp-content\/uploads\/sites\/2\/2019\/02\/Mark\u00e9ta-Jakub-\u0160AM\u0160ULA-300x200.jpg 300w, https:\/\/www.sklizeno.cz\/o-nas\/wp-content\/uploads\/sites\/2\/2019\/02\/Mark\u00e9ta-Jakub-\u0160AM\u0160ULA-768x512.jpg 768w, https:\/\/www.sklizeno.cz\/o-nas\/wp-content\/uploads\/sites\/2\/2019\/02\/Mark\u00e9ta-Jakub-\u0160AM\u0160ULA.jpg 1400w\" sizes=\"(max-width: 632px) 100vw, 632px\" \/><\/p>\n<p>\u010cejkovick\u00e9 rodinn\u00e9 Vina\u0159stv\u00ed \u0160am\u0161ula se pot\u0159et\u00ed v\u00a0\u0159ad\u011b um\u00edstilo v\u00a0nejlep\u0161\u00ed trojici v\u00a0sout\u011b\u017ei Vina\u0159stv\u00ed roku. Gratulujeme a\u00a0p\u0159ip\u00edj\u00edme \u2013 \u010d\u00edm jin\u00fdm ne\u017eli jejich v\u00ednem, kter\u00e9 si m\u016f\u017eete koupit v\u00a0na\u0161ich prodejn\u00e1ch. A\u00a0vyu\u017e\u00edv\u00e1me p\u0159\u00edle\u017eitosti k\u00a0polo\u017een\u00ed n\u011bkolika m\u00e1lo ot\u00e1zek, na kter\u00e9 n\u00e1m odpov\u011bd\u011bl Jakub \u0160am\u0161ula.<\/p>\n<h4 class=\"p1\"><span class=\"s1\"><br \/>\nVa\u0161e vina\u0159stv\u00ed se um\u00edstilo mezi t\u0159emi nejlep\u0161\u00edmi v\u00a0kategorii mal\u00fdch vina\u0159stv\u00ed v\u00a0leto\u0161n\u00edm ro\u010dn\u00edku ankety Vina\u0159stv\u00ed roku. Gratulujeme! M\u016f\u017eete n\u00e1m popsat va\u0161e pocity, kdy\u017e jste se tuto zpr\u00e1vu dozv\u011bd\u011bli?<\/span><\/h4>\n<p class=\"p2\"><span class=\"s1\">Je to ocen\u011bn\u00ed na\u0161\u00ed pr\u00e1ce. A\u00a0je\u0161t\u011b cenn\u011bj\u0161\u00ed je pro n\u00e1s to, \u017ee jsme se do fin\u00e1le dostali u\u017e pot\u0159et\u00ed za sebou.\u00a0<\/span><span class=\"s1\">Je skv\u011bl\u00e9, kdy\u017e dost\u00e1v\u00e1te pozitivn\u00ed ohlasy od z\u00e1kazn\u00edk\u016f, a\u00a0nav\u00edc v\u00e1s ocen\u00ed p\u0159\u00edsn\u00e1 a\u00a0profesion\u00e1ln\u00ed porota.<\/span><\/p>\n<h4 class=\"p2\"><span class=\"s2\">P\u0159edstavte\u00a0n\u00e1m\u00a0pros\u00edm\u00a0n\u011bkolika\u00a0v\u011btami\u00a0va\u0161e\u00a0vina\u0159stv\u00ed.<\/span><\/h4>\n<p class=\"p2\"><span class=\"s1\">Jsme mal\u00e9 vina\u0159stv\u00ed z\u00a0\u010cejkovic, kter\u00e9 je na trhu od roku 2004, kdy jsme se profesion\u00e1ln\u011b za\u010dali zab\u00fdvat vina\u0159stv\u00edm. Sna\u017e\u00edme se b\u00fdt modern\u00ed a\u00a0nelp\u011bt na tradic\u00edch \u2013 m\u00e1me charakteristick\u00e9 etikety, specializujeme se na \u00fazk\u00fd sortiment odr\u016fd a\u00a0v\u00edna d\u011bl\u00e1me tak, aby v\u0161em chutnala <\/span><span class=\"s3\">\ud83d\ude0a<\/span><\/p>\n<p><img loading=\"lazy\" width=\"632\" height=\"421\" class=\"alignnone size-large wp-image-11825\" src=\"https:\/\/www.sklizeno.cz\/o-nas\/wp-content\/uploads\/sites\/2\/2019\/02\/Degustace-kopie-632x421.jpg\" alt=\"Vina\u0159stv\u00ed \u0160am\u0161ula - Degustace\" srcset=\"https:\/\/www.sklizeno.cz\/o-nas\/wp-content\/uploads\/sites\/2\/2019\/02\/Degustace-kopie-632x421.jpg 632w, https:\/\/www.sklizeno.cz\/o-nas\/wp-content\/uploads\/sites\/2\/2019\/02\/Degustace-kopie-300x200.jpg 300w, https:\/\/www.sklizeno.cz\/o-nas\/wp-content\/uploads\/sites\/2\/2019\/02\/Degustace-kopie-768x512.jpg 768w, https:\/\/www.sklizeno.cz\/o-nas\/wp-content\/uploads\/sites\/2\/2019\/02\/Degustace-kopie.jpg 1800w\" sizes=\"(max-width: 632px) 100vw, 632px\" \/><\/p>\n<h4 class=\"p2\"><span class=\"s2\">A\u00a0jak\u00fd je ve vina\u0159sk\u00e9\u00a0obci\u00a0\u010cejkovice\u00a0terroir Z\u0159ejm\u011b v\u00fdjime\u010dn\u00fd, kdy\u017e v\u0161echna t\u0159i vina\u0159stv\u00ed, kter\u00e1 spolu o\u00a0titul v\u00a0kategorii Mal\u00e9 vina\u0159stv\u00ed soupe\u0159ila, se nach\u00e1zej\u00ed v\u00a0okruhu ani ne 5\u00a0kilometr\u016f.<\/span><\/h4>\n<p class=\"p2\"><span class=\"s1\">Mysl\u00edm, \u017ee to nebude terroirem. Je to komplexn\u00edm p\u0159\u00edstupem k\u00a0vina\u0159en\u00ed \u2013 od designu p\u0159es marketing, vinice a\u00a0v\u00fdrobu a\u017e po orientaci na z\u00e1kazn\u00edka.<\/span><\/p>\n<h4 class=\"p2\"><span class=\"s2\">Jak\u00a0se\u00a0o\u00a0v\u00edna\u00a0star\u00e1te\u00a0ve\u00a0sklep\u011b?\u00a0M\u00e1te\u00a0n\u011bjak\u00e9\u00a0technologick\u00e9 speciality?<\/span><\/h4>\n<p class=\"p2\"><span class=\"s1\">Specialitami bych to nenaz\u00fdval, ale d\u011bl\u00e1me \u010dty\u0159i charaktery v\u00edn, podle toho, kde v\u00edno zraje a\u00a0kvas\u00ed. M\u00e1me rozd\u00edln\u00fd p\u0159\u00edstup k\u00a0v\u00edn\u016fm v\u00a0nerezu, velk\u00fdch d\u0159ev\u011bn\u00fdch sudech, barikov\u00fdch sudech a\u00a0nov\u011b d\u011bl\u00e1me p\u00e1r lahv\u00ed oran\u017eov\u00e9ho v\u00edna, kter\u00e9 zraje ve starobyl\u00fdch n\u00e1dob\u00e1ch kvevri. A\u00a0samoz\u0159ejm\u011b nemohu zapomenout na na\u0161e sekty kva\u0161en\u00e9 v\u00a0lahvi.<\/span><\/p>\n<p><img loading=\"lazy\" width=\"632\" height=\"421\" class=\"alignnone size-large wp-image-11824\" src=\"https:\/\/www.sklizeno.cz\/o-nas\/wp-content\/uploads\/sites\/2\/2019\/02\/sudy-\u0161am\u0161ula-sklep-632x421.jpg\" alt=\"Vina\u0159stv\u00ed \u0160am\u0161ula - sklep\" srcset=\"https:\/\/www.sklizeno.cz\/o-nas\/wp-content\/uploads\/sites\/2\/2019\/02\/sudy-\u0161am\u0161ula-sklep-632x421.jpg 632w, https:\/\/www.sklizeno.cz\/o-nas\/wp-content\/uploads\/sites\/2\/2019\/02\/sudy-\u0161am\u0161ula-sklep-300x200.jpg 300w, https:\/\/www.sklizeno.cz\/o-nas\/wp-content\/uploads\/sites\/2\/2019\/02\/sudy-\u0161am\u0161ula-sklep-768x512.jpg 768w, https:\/\/www.sklizeno.cz\/o-nas\/wp-content\/uploads\/sites\/2\/2019\/02\/sudy-\u0161am\u0161ula-sklep.jpg 1400w\" sizes=\"(max-width: 632px) 100vw, 632px\" \/><\/p>\n<h4>Jak zat\u00edm vypadaj\u00ed v\u00edna ro\u010dn\u00edku 2018?<\/h4>\n<p>Ka\u017ed\u00fd rok je pro n\u00e1s velk\u00e9 p\u0159ekvapen\u00ed, jak\u00e1 v\u00edna budou. V\u017edy z\u00e1le\u017e\u00ed na po\u010das\u00ed. Ro\u010dn\u00edk 2018 bude velice dobr\u00fd na \u010derven\u00e1 v\u00edna, ide\u00e1ln\u00ed pro archivaci. B\u00edl\u00e1 v\u00edna jsou s lehkou, jemnou kyselinkou.<\/p>\n<p>&nbsp;<\/p>\n","protected":false},"excerpt":{"rendered":"<p>\u010cejkovick\u00e9 rodinn\u00e9 Vina\u0159stv\u00ed \u0160am\u0161ula se pot\u0159et\u00ed v\u00a0\u0159ad\u011b um\u00edstilo v\u00a0nejlep\u0161\u00ed trojici v\u00a0sout\u011b\u017ei Vina\u0159stv\u00ed roku. Gratulujeme a\u00a0p\u0159ip\u00edj\u00edme \u2013 \u010d\u00edm jin\u00fdm ne\u017eli jejich v\u00ednem, kter\u00e9 si m\u016f\u017eete koupit v\u00a0na\u0161ich prodejn\u00e1ch. A\u00a0vyu\u017e\u00edv\u00e1me p\u0159\u00edle\u017eitosti k\u00a0polo\u017een\u00ed n\u011bkolika m\u00e1lo ot\u00e1zek, na kter\u00e9 n\u00e1m odpov\u011bd\u011bl Jakub \u0160am\u0161ula. Va\u0161e vina\u0159stv\u00ed se um\u00edstilo mezi t\u0159emi nejlep\u0161\u00edmi v\u00a0kategorii mal\u00fdch vina\u0159stv\u00ed v\u00a0leto\u0161n\u00edm ro\u010dn\u00edku ankety Vina\u0159stv\u00ed roku. Gratulujeme! [&hellip;]<\/p>\n","protected":false},"author":28,"featured_media":11823,"comment_status":"open","ping_status":"closed","sticky":false,"template":"","format":"standard","meta":[],"categories":[1],"tags":[],"recepies_category":[],"recepies_tag":[],"_links":{"self":[{"href":"https:\/\/www.sklizeno.cz\/o-nas\/wp-json\/wp\/v2\/posts\/11821"}],"collection":[{"href":"https:\/\/www.sklizeno.cz\/o-nas\/wp-json\/wp\/v2\/posts"}],"about":[{"href":"https:\/\/www.sklizeno.cz\/o-nas\/wp-json\/wp\/v2\/types\/post"}],"author":[{"embeddable":true,"href":"https:\/\/www.sklizeno.cz\/o-nas\/wp-json\/wp\/v2\/users\/28"}],"replies":[{"embeddable":true,"href":"https:\/\/www.sklizeno.cz\/o-nas\/wp-json\/wp\/v2\/comments?post=11821"}],"version-history":[{"count":9,"href":"https:\/\/www.sklizeno.cz\/o-nas\/wp-json\/wp\/v2\/posts\/11821\/revisions"}],"predecessor-version":[{"id":12514,"href":"https:\/\/www.sklizeno.cz\/o-nas\/wp-json\/wp\/v2\/posts\/11821\/revisions\/12514"}],"wp:featuredmedia":[{"embeddable":true,"href":"https:\/\/www.sklizeno.cz\/o-nas\/wp-json\/wp\/v2\/media\/11823"}],"wp:attachment":[{"href":"https:\/\/www.sklizeno.cz\/o-nas\/wp-json\/wp\/v2\/media?parent=11821"}],"wp:term":[{"taxonomy":"category","embeddable":true,"href":"https:\/\/www.sklizeno.cz\/o-nas\/wp-json\/wp\/v2\/categories?post=11821"},{"taxonomy":"post_tag","embeddable":true,"href":"https:\/\/www.sklizeno.cz\/o-nas\/wp-json\/wp\/v2\/tags?post=11821"},{"taxonomy":"recepies_category","embeddable":true,"href":"https:\/\/www.sklizeno.cz\/o-nas\/wp-json\/wp\/v2\/recepies_category?post=11821"},{"taxonomy":"recepies_tag","embeddable":true,"href":"https:\/\/www.sklizeno.cz\/o-nas\/wp-json\/wp\/v2\/recepies_tag?post=11821"}],"curies":[{"name":"wp","href":"https:\/\/api.w.org\/{rel}","templated":true}]}}