{"id":11647,"date":"2019-01-13T17:10:03","date_gmt":"2019-01-13T16:10:03","guid":{"rendered":"https:\/\/www.sklizeno.cz\/o-nas\/?p=11647"},"modified":"2019-01-14T09:24:52","modified_gmt":"2019-01-14T08:24:52","slug":"ohlednuti-za-rokem-2018","status":"publish","type":"post","link":"https:\/\/www.sklizeno.cz\/o-nas\/ohlednuti-za-rokem-2018\/","title":{"rendered":"Ohl\u00e9dnut\u00ed za rokem 2018"},"content":{"rendered":"<p><a href=\"https:\/\/www.sklizeno.cz\/o-nas\/wp-content\/uploads\/sites\/2\/2019\/01\/sklizeno-20181-kopie.jpg\"><img loading=\"lazy\" class=\"alignnone wp-image-11663 size-large\" src=\"https:\/\/www.sklizeno.cz\/o-nas\/wp-content\/uploads\/sites\/2\/2019\/01\/sklizeno-20181-kopie-632x356.jpg\" alt=\"\" width=\"632\" height=\"356\" srcset=\"https:\/\/www.sklizeno.cz\/o-nas\/wp-content\/uploads\/sites\/2\/2019\/01\/sklizeno-20181-kopie-632x356.jpg 632w, https:\/\/www.sklizeno.cz\/o-nas\/wp-content\/uploads\/sites\/2\/2019\/01\/sklizeno-20181-kopie-300x169.jpg 300w, https:\/\/www.sklizeno.cz\/o-nas\/wp-content\/uploads\/sites\/2\/2019\/01\/sklizeno-20181-kopie-768x432.jpg 768w, https:\/\/www.sklizeno.cz\/o-nas\/wp-content\/uploads\/sites\/2\/2019\/01\/sklizeno-20181-kopie.jpg 1200w\" sizes=\"(max-width: 632px) 100vw, 632px\" \/><\/a><\/p>\n<p><span style=\"font-weight: 400\">Sklizeno m\u00e1 za sebou dal\u0161\u00ed rok. Kdy\u017e se te\u010f za n\u00edm ohl\u00ed\u017e\u00edme zp\u011bt, m\u016f\u017eeme \u0159\u00edct, \u017ee to byl rok pln\u00fd piln\u00e9 (a\u00a0\u010dasto tak\u00e9 tvrd\u00e9 a\u00a0usilovn\u00e9) pr\u00e1ce. Rok n\u011bkolika z\u00e1sadn\u00edch rozhodnut\u00ed o\u00a0na\u0161em dal\u0161\u00edm sm\u011b\u0159ov\u00e1n\u00ed. Rok, v\u00a0n\u011bm\u017e jsme v\u00fdznamn\u00fdm zp\u016fsobem posunuli na\u0161i misi, kterou nen\u00ed nic men\u0161\u00edho ne\u017e zm\u011bnit to, jak se kvalitn\u00ed j\u00eddlo vyr\u00e1b\u00ed a\u00a0prod\u00e1v\u00e1. Ale tak\u00e9 rok, ve kter\u00e9m jsme si na\u0161li \u010das i\u00a0na rozd\u00e1v\u00e1n\u00ed radosti a\u00a0\u0161\u00ed\u0159en\u00ed na\u0161eho dobr\u00e9ho jm\u00e9na.<\/span><\/p>\n<h3><b>Nov\u00e9 prodejny, nov\u00e9 koncepty<\/b><\/h3>\n<p><span style=\"font-weight: 400\">I\u00a0v\u00a0uplynul\u00e9m roce jsme roz\u0161i\u0159ovali s\u00ed\u0165 na\u0161ich prodejen. Nejde sice o\u00a0\u017e\u00e1dn\u00fd p\u0159ekotn\u00fd r\u016fst, ale zato zkou\u0161\u00edme nov\u00e9 v\u011bci a\u00a0z\u016fst\u00e1v\u00e1me v\u011brn\u00ed jednomu z\u00a0na\u0161ich c\u00edl\u016f, \u017ee k\u00a0n\u00e1m z\u00e1kazn\u00edci chod\u00ed nejen pro n\u00e1kup, ale i\u00a0za p\u0159\u00edjemn\u00fdmi z\u00e1\u017eitky s\u00a0n\u00e1kupem spojen\u00fdmi. Na konci l\u00e9ta jsme otev\u0159eli novou prodejnu v\u00a0pra\u017esk\u00e9 Galerii Butovice, kter\u00e1 spojuje zna\u010dky Sklizeno a\u00a0Fruitisimo. Ve spojen\u00ed kvalitn\u00edho j\u00eddla s\u00a0\u010derstv\u00fdmi d\u017eusy a\u00a0zmrzlinami vid\u00edme velk\u00fd potenci\u00e1l, a\u00a0p\u0159esto\u017ee je te\u010f je\u0161t\u011b brzy na to hodnotit \u00fasp\u011b\u0161nost tohoto projektu, pl\u00e1nujeme ho roz\u0161\u00ed\u0159it i\u00a0do dal\u0161\u00edch \u010desk\u00fdch m\u011bst.<\/span><\/p>\n<p><span style=\"font-weight: 400\">V\u00a0pra\u017esk\u00e9m Corsu a\u00a0brn\u011bnsk\u00e9 prodejn\u011b na Zeln\u00e9m trhu jsme zprovoznili atraktivn\u00ed formu sal\u00e1tov\u00e9ho baru, tzv. chopped. Host\u00e9 si zde m\u016f\u017eou vybrat p\u0159esn\u011b ty druhy zeleniny, na kter\u00e9 maj\u00ed chu\u0165. Na v\u00fdb\u011br maj\u00ed tak\u00e9 n\u011bkolik dressing\u016f, o\u0159\u00ed\u0161ky, s\u00fdr a\u00a0podobn\u011b. V\u0161echno je nav\u00edc \u010derstv\u011b nakr\u00e1jen\u00e9. Zkr\u00e1tka freshfood at its best.<\/span><\/p>\n<div id=\"fb-root\"><\/div>\n<p><script>(function(d, s, id) {  var js, fjs = d.getElementsByTagName(s)[0];  if (d.getElementById(id)) return;  js = d.createElement(s); js.id = id;  js.src = 'https:\/\/connect.facebook.net\/cs_CZ\/sdk.js#xfbml=1&version=v3.2';  fjs.parentNode.insertBefore(js, fjs);}(document, 'script', 'facebook-jssdk'));<\/script><\/p>\n<div class=\"fb-post\" data-href=\"https:\/\/www.facebook.com\/sklizeno\/posts\/1877470695640436?__xts__%5B0%5D=68.ARD9iTS-ua1j36HbL-qr6g7VDZdC5hRgtgZtCLb8nJhGImxTqs6BmwoMH9sGonNIc0cu9pJVhU3l1A1QyOn1qpgxY_GgHSDDcjA1WH4jZySj2bFAGhW3wTZ6zCC4rIXe2ZgOjDPK0edXzriZMD2NzoAEnYD6JXrffPy6ZI-g29nfi-YQzBr3eEAbDimE06--usr7TWeJt8adNlPSKLjc93Ncc7elSYPr6Ddu1cQ2y57ZLwE2aYAggmLmQRsiYlzbfkC3XmutIbaSUFIRLhjuJJVomsGuFw-mpf_3qBDzmfmx-RaXEMObqGajaeJl2ciEawyE_VgPpE5qYAjrJZSe1TeoeA&amp;__tn__=-R\" data-width=\"500\">\n<blockquote cite=\"https:\/\/www.facebook.com\/sklizeno\/posts\/1877470695640436\" class=\"fb-xfbml-parse-ignore\">\n<p>P\u0159ij\u010fte vyzkou\u0161et novinku do na\u0161\u00ed brn\u011bnsk\u00e9 prodejny na Zeln\u00e9m trhu. Postavte si sal\u00e1t p\u0159esn\u011b podle va\u0161ich moment\u00e1ln\u00edch&#8230;<\/p>\n<p>Zve\u0159ejnil(a) <a href=\"https:\/\/www.facebook.com\/sklizeno\/\">Sklizeno &#8211; opravdov\u00e9 j\u00eddlo<\/a> dne&nbsp;<a href=\"https:\/\/www.facebook.com\/sklizeno\/posts\/1877470695640436\">\u00dater\u00fd 9. \u0159\u00edjna 2018<\/a><\/p><\/blockquote>\n<\/div>\n<h3><b>Manifesto<\/b><\/h3>\n<p><span style=\"font-weight: 400\">Speci\u00e1ln\u00ed prodejnu jsme provozovali od jara do podzimu v\u00a0r\u00e1mci pra\u017esk\u00e9ho <a href=\"https:\/\/www.manifesto.city\/home-cz\/\" target=\"_blank\" rel=\"noopener\">Manifesto Marketu<\/a>. Na\u0161e pop-up kontejnerov\u00e1 prodejna mezi Florencem a\u00a0Masarykov\u00fdm n\u00e1dra\u017e\u00edm se dokonce b\u011bhem sv\u00e9ho fungov\u00e1n\u00ed prom\u011bnila a\u00a0p\u0159edstavila hned dva nov\u00e9 koncepty nakupov\u00e1n\u00ed. Ve spolupr\u00e1ci s\u00a0<a href=\"http:\/\/www.mathilda.cz\/\" target=\"_blank\" rel=\"noopener\">Nada\u010dn\u00edm fondem Mathilda<\/a> jsme n\u00e1v\u0161t\u011bvn\u00edk\u016fm Manifesta uk\u00e1zali, \u017ee zrak nen\u00ed jedin\u00fd a\u00a0\u010dasto ani hlavn\u00ed smysl, kter\u00fdm m\u016f\u017eeme poznat kvalitn\u00ed potraviny. <\/span><\/p>\n<p><span style=\"font-weight: 400\">Jak jsme to ud\u011blali? Jednodu\u0161e \u2013 zhasli jsme! Z\u00e1kazn\u00edci tak museli nakoupit \u00fapln\u011b potm\u011b. Nebyli na to sami, asistenci jim poskytli nevidom\u00ed z\u00a0Mathildy. N\u00e1kup jen za pomoci vlastn\u00edho nosu a\u00a0chu\u0165ov\u00fdch poh\u00e1rk\u016f tak mnoh\u00fdm z\u00e1kazn\u00edk\u016fm n\u00e1zornou formou uk\u00e1zal rozd\u00edl mezi konven\u010dn\u00ed potravin\u00e1\u0159skou v\u00fdrobou a\u00a0produkc\u00ed mal\u00fdch a\u00a0st\u0159edn\u00edch p\u011bstitel\u016f a\u00a0v\u00fdrobc\u016f potravin. Zisk z\u00a0prodeje nav\u00edc p\u0159isp\u011bl k\u00a0n\u00e1kupu knih a\u00a0not v\u00a0Braillov\u011b p\u00edsmu.<\/span><\/p>\n<div id=\"fb-root\"><\/div>\n<p><script>(function(d, s, id) {  var js, fjs = d.getElementsByTagName(s)[0];  if (d.getElementById(id)) return;  js = d.createElement(s); js.id = id;  js.src = 'https:\/\/connect.facebook.net\/cs_CZ\/sdk.js#xfbml=1&version=v3.2';  fjs.parentNode.insertBefore(js, fjs);}(document, 'script', 'facebook-jssdk'));<\/script><\/p>\n<div class=\"fb-post\" data-href=\"https:\/\/www.facebook.com\/sklizeno\/posts\/1709542739099900?__xts__%5B0%5D=68.ARB0vOlKQHqfIAt4LohvuaGIUNF0qRoUsO0UrHaBL-ItCysPGQqOyl5lLRyc2-IYckkNnv-uJoqPAB_xQY8EaejcbJPRxeF9D9qzxAVKEl8hDkfu4bbFhQYBTvueIedCpq5yvnRtRmmEpNTBD6cxih8acQ2kquz3GjsDvk8vaEJejQOELdf9r6XRi7uuqJaqlybrFTsjHT-q-tVal2XFjiDaTrObas8pxSSMUm8nN-_fgws8UwabvRMtdIw8oiEXeGf4My74esIhK2nYsxODj96X4kDNGMdc-dXy01m_kHdCi2BgWQudpTyyb_KBgO20_oY_ICd9JKK1ybV5fWTHyL9OK0P40nyo1DvXOj0uO4gGWFIll2Fu8grOB9XrS0QW4DSiQeoDM1NgpNX6oz0AdFZyXPrJ_VwINjWlqwN489yBPAk&amp;__tn__=-R\" data-width=\"500\">\n<blockquote cite=\"https:\/\/www.facebook.com\/sklizeno\/posts\/1709542739099900\" class=\"fb-xfbml-parse-ignore\">\n<p>Tak takhle vypad\u00e1 m\u00edsto, kde m\u016f\u017eete vyb\u00edrat ne o\u010dima, ale za pomoci \u010dichu \u2013 nosem. N\u00e1\u0161 &quot;blind market&quot; stoj\u00ed v&#8230;<\/p>\n<p>Zve\u0159ejnil(a) <a href=\"https:\/\/www.facebook.com\/sklizeno\/\">Sklizeno &#8211; opravdov\u00e9 j\u00eddlo<\/a> dne&nbsp;<a href=\"https:\/\/www.facebook.com\/sklizeno\/posts\/1709542739099900\">St\u0159eda 13. \u010dervna 2018<\/a><\/p><\/blockquote>\n<\/div>\n<p><span style=\"font-weight: 400\">Po 10 dnech jsme prodejnu zm\u011bnili, odtemnili a\u00a0uk\u00e1zali, \u017ee ka\u017edodenn\u00ed va\u0159en\u00ed ve\u010de\u0159e m\u016f\u017ee b\u00fdt z\u00e1bava. Ka\u017ed\u00fd t\u00fdden jsme pro z\u00e1kazn\u00edky p\u0159ipravili \u0161estici rychl\u00fdch recept\u016f. A\u00a0hlavn\u011b jsme jim suroviny, kter\u00e9 k\u00a0va\u0159en\u00ed pot\u0159ebuj\u00ed, dali spole\u010dn\u011b s\u00a0vyti\u0161t\u011bn\u00fdm receptem hezky na jedno m\u00edsto. \u00daspora \u010dasu? Ano! Zv\u00fd\u0161en\u00ed z\u00e1kaznick\u00e9ho komfortu? Ano!!! Koncept s\u00a0n\u00e1zvem Nava\u0159eno jsme u\u017e tak\u00e9 zavedli v\u00a0na\u0161\u00ed nejv\u011bt\u0161\u00ed <a href=\"https:\/\/www.sklizeno.cz\/o-nas\/sklizeno-chodov\/\" target=\"_blank\" rel=\"noopener\">prodejn\u011b v\u00a0pra\u017esk\u00e9m obchodn\u00edm centru Chodov<\/a>.<\/span><\/p>\n<div id=\"fb-root\"><\/div>\n<p><script>(function(d, s, id) {  var js, fjs = d.getElementsByTagName(s)[0];  if (d.getElementById(id)) return;  js = d.createElement(s); js.id = id;  js.src = 'https:\/\/connect.facebook.net\/cs_CZ\/sdk.js#xfbml=1&version=v3.2';  fjs.parentNode.insertBefore(js, fjs);}(document, 'script', 'facebook-jssdk'));<\/script><\/p>\n<div class=\"fb-post\" data-href=\"https:\/\/www.facebook.com\/sklizeno\/posts\/1723492794371561?__xts__%5B0%5D=68.ARCiSETY4VzlcIWPTyX7JTKR7cS2qamNob5fTP31M_BO-7jE4DUQmtl8ELa3ysD0Q-PR9s2r1dMcMwGUhC--gFtN83QxY6j9InpIgiYB6Kj8lHitWaR9ryRsIHjJ0_0OXRS-VAZ2niPjnFw9b9GI4-L-B_mr6YcgQryxB-yjXhcl425uvU3nfbNxByhX1Ktq_I8p8gawq8CcykuxumKCE2yAUYwfRycwrGw5ToPQ1wZ8BjAXpFRzvm0RwEU4nbzNSufwBrDVFckRb23he9uuBVUjHuZkfT82HsK1G8z7wzIy_7i46WXjdwfMROPavC68zjj-WO4_BPXZ8VhFHwh5gcqiXVTkQwnzSW-wHFyZXX2WI_PRS7almxKfYOVgf8Vp0J2UiQGWKzn-ynCqm4Ldc3v78Qpeg-rqfWpREDUjn73y_Ow&amp;__tn__=-R\" data-width=\"500\">\n<blockquote cite=\"https:\/\/www.facebook.com\/sklizeno\/posts\/1723492794371561\" class=\"fb-xfbml-parse-ignore\">\n<p>V na\u0161\u00ed pra\u017esk\u00e9 pop-up prodejn\u011b v Manifesto Market jsme spustili v \u010cesku \u00fapln\u011b nov\u00fd koncept nakupov\u00e1n\u00ed. Je to \u00fapln\u011b&#8230;<\/p>\n<p>Zve\u0159ejnil(a) <a href=\"https:\/\/www.facebook.com\/sklizeno\/\">Sklizeno &#8211; opravdov\u00e9 j\u00eddlo<\/a> dne&nbsp;<a href=\"https:\/\/www.facebook.com\/sklizeno\/posts\/1723492794371561\">Sobota 23. \u010dervna 2018<\/a><\/p><\/blockquote>\n<\/div>\n<h3><b>Mise: zefektivnit produkci kvalitn\u00edho j\u00eddla<\/b><\/h3>\n<p><span style=\"font-weight: 400\">Spole\u010dn\u011b s\u00a0nejv\u011bt\u0161\u00edm \u010desk\u00fdm online prodejcem potravin \u2013 Rohl\u00edk.cz \u2013\u00a0se sna\u017e\u00edme podporovat mal\u00e9 tuzemsk\u00e9 v\u00fdrobce potravin, kte\u0159\u00ed to s\u00a0kvalitou mysl\u00ed v\u00e1\u017en\u011b. Proto jsme zalo\u017eili investi\u010dn\u00ed centrum pro podporu \u010desk\u00fdch producent\u016f potravin s\u00a0n\u00e1zvem My Food Center (MFC).<\/span><\/p>\n<p><span style=\"font-weight: 400\">\u201ePokud ka\u017ed\u00fd mal\u00fd v\u00fdrobce bude m\u00edt sv\u016fj sklad a\u00a0sv\u00e9 auto, jezdit s\u00e1m na zahrani\u010dn\u00ed veletrhy, nakupovat suroviny za sv\u00e9 ceny, m\u00edt vlastn\u00ed experty na obaly a\u00a0m\u00edt vlastn\u00ed pr\u00e1vn\u00edky, \u00fa\u010detn\u00ed, dal\u0161\u00ed odborn\u00edky a\u00a0k\u00a0tomu m\u00edt obchodn\u00edky obj\u00ed\u017ed\u011bj\u00edc\u00ed ty stejn\u00e9 obchody jako v\u0161ichni ostatn\u00ed mal\u00ed v\u00fdrobci, tak nem\u016f\u017ee b\u00fdt ekonomicky \u00fasp\u011b\u0161n\u00fd, r\u016fst a\u00a0inovovat produkt. A\u00a0my chceme, aby byli \u00fasp\u011b\u0161n\u00ed. Jen d\u00edky tomu budou moci v\u00a0\u010cesku vznikat kvalitn\u00ed potraviny ve velk\u00e9m a\u00a0za dostupn\u00e9 ceny,\u201c vysv\u011btluje Petr Borkovec, \u0159editel Sklizeno, d\u016fvod jeho vzniku.<\/span><\/p>\n<p><span style=\"font-weight: 400\">D\u00edky investi\u010dn\u00edmu centru dnes funguj\u00ed nap\u0159\u00edklad Kone\u010dn\u011b v\u00fdvar, Farma Struhy, Happy Food, bezlepkov\u00e1 pek\u00e1rna Dr. Peka\u0159 nebo nov\u011b v\u00fdrobce vegansk\u00fdch s\u00fdr\u016f Alex\u00fdr. D\u00e1le se stav\u00ed farma na produkci vajec s\u00a0k\u00f3dem 1\u00a0\u2013\u00a0tedy s\u00a0voln\u00fdm v\u00fdb\u011bhem.<\/span><\/p>\n<p><span style=\"font-weight: 400\">C\u00edl je jasn\u00fd \u2013\u00a0budujeme firmu, kter\u00e1 p\u0159edstavuje nad\u011bji na budoucnost pro \u010desk\u00e9 v\u00fdrobce a\u00a0biov\u00fdrobce potravin, farm\u00e1\u0159e i\u00a0z\u00e1kazn\u00edky, kte\u0159\u00ed cht\u011bj\u00ed kvalitu \u010di zdrav\u00fd \u017eivotn\u00ed styl na jednom m\u00edst\u011b. Pom\u00e1h\u00e1me p\u0159e\u017e\u00edt farm\u00e1\u0159\u016fm a\u00a0pom\u00e1h\u00e1me i\u00a0nov\u00fdm farm\u00e1m a\u00a0zpracovatel\u016fm potravin. Chceme vytvo\u0159it kooperativn\u00ed holding p\u011bstitel\u016f, v\u00fdrobc\u016f, zpracovatel\u016f a\u00a0distributor\u016f kvalitn\u00edch potravin, kte\u0159\u00ed sd\u00edlej\u00ed stejn\u00e9 hodnoty. T\u00edm chceme na dosud rozt\u0159\u00ed\u0161t\u011bn\u00e9m trhu vytvo\u0159it konkurenceschopnou protiv\u00e1hu pr\u016fmyslov\u00e9 velkov\u00fdrob\u011b konglomer\u00e1t\u016f. Budou z\u00a0toho t\u011b\u017eit producenti, investo\u0159i i z\u00e1kazn\u00edci a\u00a0ve st\u0159edn\u011bdob\u00e9m horizontu douf\u00e1me, \u017ee se kvalitn\u00ed potraviny i\u00a0d\u00edky tomu stanou cenov\u011b dostupn\u00e9 v\u011bt\u0161in\u011b z\u00e1kazn\u00edk\u016f.<\/span><\/p>\n<p><span style=\"font-weight: 400\">V\u00a0praktick\u00e9 rovin\u011b funguje spolupr\u00e1ce tak, \u017ee producent, jeho\u017e produkty vyhovuj\u00ed kvalitativn\u00edm standard\u016fm Sklizeno zakotven\u00fdm v\u00a0<a href=\"https:\/\/www.sklizeno.cz\/o-nas\/kodex\" target=\"_blank\" rel=\"noopener\">Kodexu kvality<\/a><\/span><span style=\"font-weight: 400\">, m\u016f\u017ee \u017e\u00e1dat o\u00a0investici a\u017e do v\u00fd\u0161e 49\u00a0% hodnoty spole\u010dnosti. Ve spole\u010dnosti mu z\u016fst\u00e1v\u00e1 v\u017edy majoritn\u00ed pod\u00edl, nad\u00e1le ji pln\u011b \u0159\u00edd\u00ed a\u00a0Sklizeno mu poskytuje zm\u00edn\u011bn\u00e9 know-how a\u00a0z\u00e1zem\u00ed. K\u00a0tomu zajist\u00ed odbyt v\u00fdroby v\u00a0s\u00edti Sklizeno a\u00a0na Rohlik.cz.<\/span><\/p>\n<h3>Ovoce a\u00a0zelenina: jen ta nejkvalitn\u011bj\u0161\u00ed<\/h3>\n<p><span style=\"font-weight: 400\">V\u00a0lo\u0148sk\u00e9m roce jsme se zbavili konven\u010dn\u00edho ovoce a\u00a0zeleniny, d\u00edky na\u0161emu spojen\u00ed s\u00a0<a href=\"https:\/\/www.freshbedynky.cz\" target=\"_blank\" rel=\"noopener\">Freshbed\u00fdnkami<\/a> nyn\u00ed v\u00a0na\u0161ich prodejn\u00e1ch m\u00e1me ovoce a\u00a0zeleninu v\u00a0t\u00e9 nejlep\u0161\u00ed kvalit\u011b. A\u00a0letos chceme v\u00a0na\u0161\u00ed misi dos\u00e1hnout dal\u0161\u00edch \u00fasp\u011bch\u016f. Nen\u00ed to v\u017edy jednoduch\u00e9, ale my v\u011b\u0159\u00edme, \u017ee se n\u00e1m kr\u016f\u010dek za kr\u016f\u010dkem poda\u0159\u00ed podm\u00ednky na \u010desk\u00e9m trhu s\u00a0potravinami zm\u011bnit.<\/span><\/p>\n<h3><b>Opravdov\u00e9 j\u00eddlo z\u00a0automatu<\/b><\/h3>\n<p><span style=\"font-weight: 400\">Vloni jsme tak\u00e9 odstartovali projekt <a href=\"http:\/\/freshpoint.cz\/\" target=\"_blank\" rel=\"noopener\">Fresh Point<\/a>. Sn\u00eddan\u011b, sva\u010diny i\u00a0hlavn\u00ed j\u00eddla \u2013\u00a0prost\u011b v\u0161echno, co pot\u0159ebujete, kdy\u017e nem\u00e1te \u010das odb\u011bhnout si na ob\u011bd.<\/span><\/p>\n<p><span style=\"font-weight: 400\">\u201eFresh Pointy jsou dal\u0161\u00ed cesta, jak dostat kvalitn\u00ed potraviny k\u00a0lidem. M\u00e1me u\u017e n\u011bkolik prodejen a\u00a0bister v\u00a0kancel\u00e1\u0159sk\u00fdch parc\u00edch a\u00a0v\u00edme, \u017ee z\u00e1kazn\u00edci tam nepot\u0159ebuj\u00ed nakupovat v\u00edc ne\u017e sn\u00eddan\u011b nebo sva\u010diny, ale cht\u011bj\u00ed se i\u00a0rychle naj\u00edst. P\u0159itom maj\u00ed vysok\u00e9 n\u00e1roky na kvalitu a\u00a0Fresh Point je tak ide\u00e1ln\u00ed \u0159e\u0161en\u00ed. Je to de facto mal\u00e9 samoobslu\u017en\u00e9 Sklizeno bistro, takov\u00e1 na\u0161e prodlou\u017een\u00e1 ruka,\u201c \u0159ekl o\u00a0Fresh Pointech Petr Borkovec.<\/span><\/p>\n<h3><b>Omezili jsme plasty!<\/b><\/h3>\n<p><span style=\"font-weight: 400\">Nejsme nete\u010dn\u00ed k\u00a0tomu, co vid\u00edme kolem sebe. Proto chceme v\u00fdrazn\u011b omezit mno\u017estv\u00ed plastov\u00e9ho odpadu v\u00a0na\u0161ich prodejn\u00e1ch a\u00a0bistrech. Zde jsou prvn\u00ed kroky:<\/span><\/p>\n<ul>\n<li><span style=\"font-weight: 400\">Kon\u010d\u00edme s\u00a0plastov\u00fdmi br\u010dky. Nahrazujeme je br\u010dky pap\u00edrov\u00fdmi, kter\u00e1 budou m\u00edt na\u0161i z\u00e1kazn\u00edci k\u00a0dispozici u pokladen \u010di na jin\u00e9m vhodn\u00e9m m\u00edst\u011b. Pap\u00edrov\u00e1 br\u010dka se toti\u017e p\u0159i del\u0161\u00edm pobytu v\u00a0n\u00e1poji rozm\u00e1\u010dej\u00ed. Proto si je vezmou jen ti, kte\u0159\u00ed je opravdu cht\u011bj\u00ed pou\u017e\u00edt.<\/span><\/li>\n<li><span style=\"font-weight: 400\">Plastov\u00e9 p\u0159\u00edbory jsme v\u00a0na\u0161ich bistrech nahradili d\u0159ev\u011bn\u00fdmi. T\u00fdk\u00e1 se to l\u017ei\u010dek, pol\u00e9vkov\u00fdch l\u017eic, no\u017e\u016f, vidli\u010dek a\u00a0tak\u00e9 k\u00e1vov\u00fdch m\u00edch\u00e1tek.<\/span><\/li>\n<li><span style=\"font-weight: 400\">Zredukovali jsme mno\u017estv\u00ed plastov\u00fdch krabi\u010dek, do kter\u00fdch jsme doposud balili quiche, muffiny, dezerty a\u00a0podobn\u011b. To v\u0161e od nyn\u011bj\u0161ka z\u00e1kazn\u00edci dostanou na pap\u00edrov\u00fd t\u00e1cek a\u00a0do pap\u00edrov\u00e9ho s\u00e1\u010dku.<\/span><\/li>\n<\/ul>\n<p><span style=\"font-weight: 400\">V\u00a0leto\u0161n\u00edm roce chyst\u00e1me dal\u0161\u00ed kroky.<\/span><\/p>\n<div id=\"fb-root\"><\/div>\n<p><script>(function(d, s, id) {  var js, fjs = d.getElementsByTagName(s)[0];  if (d.getElementById(id)) return;  js = d.createElement(s); js.id = id;  js.src = 'https:\/\/connect.facebook.net\/cs_CZ\/sdk.js#xfbml=1&version=v3.2';  fjs.parentNode.insertBefore(js, fjs);}(document, 'script', 'facebook-jssdk'));<\/script><\/p>\n<div class=\"fb-post\" data-href=\"https:\/\/www.facebook.com\/sklizeno\/photos\/a.212750478779141\/1843542002366639\/?type=3&amp;__xts__%5B0%5D=68.ARCARFxuJ67jFHVcydrVXpzSxrzdZvQ7vbvMBxn1sKPgflcbB_JYw67xAOB11wm7FX1w0QIoy9SECJFcYD83W_koIxSiDjfrBcHkwp0nFb8CYRsossP5uhu8gQ9R4hHDtOoeK6jdK8eOsS0VL_pfon1bL6nlE01Ra2mCdldq7OtqYm0jtmk-eW5qGq0MbkdH2fKqAZZlTHIBODQe4kpV8e5fhU8qQEM7yqCmKU0uqbozONteRWbGKdulNGRJ7B2P1oaAR3jKxpvtY2Bl0K3qvCttwErXMyNXT3AaeHYdoXc0ApJhgigUXnq-5xk3jV68Taz8P5I9YpJqEYZRQHApsti-ng&amp;__tn__=-R\" data-width=\"500\">\n<blockquote cite=\"https:\/\/www.facebook.com\/sklizeno\/posts\/1843542002366639:0\" class=\"fb-xfbml-parse-ignore\">\n<p>Zbavujeme se plast\u016f!Nejsme nete\u010dn\u00ed k tomu, co vid\u00edme kolem sebe. Proto chceme v\u00fdrazn\u011b omezit mno\u017estv\u00ed plastov\u00e9ho odpadu&#8230;<\/p>\n<p>Zve\u0159ejnil(a) <a href=\"https:\/\/www.facebook.com\/sklizeno\/\">Sklizeno &#8211; opravdov\u00e9 j\u00eddlo<\/a> dne&nbsp;<a href=\"https:\/\/www.facebook.com\/sklizeno\/posts\/1843542002366639:0\">\u00dater\u00fd 11. z\u00e1\u0159\u00ed 2018<\/a><\/p><\/blockquote>\n<\/div>\n<h3><b>Jsme vid\u011bt i\u00a0sly\u0161et<\/b><\/h3>\n<p><span style=\"font-weight: 400\">Koncem lo\u0148sk\u00e9ho roku p\u0159i\u0161la skv\u011bl\u00e1 zpr\u00e1va. Sklizeno je i\u00a0pro aktu\u00e1ln\u00ed rok na seznamu <a href=\"https:\/\/www.czechsuperbrands.com\/\" target=\"_blank\" rel=\"noopener\">Superbrands<\/a>, kter\u00fd je nejuzn\u00e1van\u011bj\u0161\u00ed nez\u00e1vislou glob\u00e1ln\u00ed autoritou v oblasti hodnocen\u00ed a\u00a0oce\u0148ov\u00e1n\u00ed obchodn\u00edch zna\u010dek. \u201eTitul Supebrands je znakem speci\u00e1ln\u00edho postaven\u00ed a\u00a0uzn\u00e1n\u00edm vynikaj\u00edc\u00edho postaven\u00ed zna\u010dky na lok\u00e1ln\u00edm trhu. Pe\u010de\u0165 Superbrands z\u00edskaj\u00ed zna\u010dky s\u00a0vynikaj\u00edc\u00ed pov\u011bst\u00ed \u2013 z\u00e1kazn\u00edci si s\u00a0nimi spojuj\u00ed v\u00fdznamn\u00e9 hodnoty a\u00a0maj\u00ed k\u00a0nim osobn\u00ed vztah,\u201c p\u00ed\u0161e se na webu <a href=\"https:\/\/www.czechsuperbrands.com\/superbrands.php?k=1&amp;id=6&amp;ev=0\" target=\"_blank\" rel=\"noopener\">Superbrands<\/a>.<\/span><\/p>\n<p><span style=\"font-weight: 400\">V\u00a0lo\u0148sk\u00e9m roce jsme tak\u00e9 vsadili na spolupr\u00e1ci s\u00a0reklamn\u00ed agenturou McCann, kter\u00e1 pro n\u00e1s zpracovala hned dv\u011b reklamn\u00ed kampan\u011b. Opravdov\u00e1 chu\u0165 a\u00a0Jak ud\u011blat neviditeln\u00e9 viditeln\u00fdm? Tyto kampan\u011b z\u00edskaly vav\u0159\u00edny na dom\u00e1c\u00edch i sv\u011btov\u00fdch sout\u011b\u017e\u00edch.<\/span><\/p>\n<p><iframe src=\"https:\/\/player.vimeo.com\/video\/275783233?app_id=122963\" width=\"500\" height=\"281\" frameborder=\"0\" title=\"Sklizeno - The statement honey jars\" allow=\"autoplay; fullscreen\" allowfullscreen><\/iframe><\/p>\n<p><img loading=\"lazy\" width=\"632\" height=\"447\" class=\"alignnone size-large wp-image-11652\" src=\"https:\/\/www.sklizeno.cz\/o-nas\/wp-content\/uploads\/sites\/2\/2019\/01\/opravdova\u0301-zelenina_1-632x447.jpg\" alt=\"\" srcset=\"https:\/\/www.sklizeno.cz\/o-nas\/wp-content\/uploads\/sites\/2\/2019\/01\/opravdova\u0301-zelenina_1-632x447.jpg 632w, https:\/\/www.sklizeno.cz\/o-nas\/wp-content\/uploads\/sites\/2\/2019\/01\/opravdova\u0301-zelenina_1-300x212.jpg 300w, https:\/\/www.sklizeno.cz\/o-nas\/wp-content\/uploads\/sites\/2\/2019\/01\/opravdova\u0301-zelenina_1-768x543.jpg 768w\" sizes=\"(max-width: 632px) 100vw, 632px\" \/> <img loading=\"lazy\" width=\"632\" height=\"447\" class=\"alignnone size-large wp-image-11653\" src=\"https:\/\/www.sklizeno.cz\/o-nas\/wp-content\/uploads\/sites\/2\/2019\/01\/opravdova\u0301-zelenina_2-632x447.jpg\" alt=\"\" srcset=\"https:\/\/www.sklizeno.cz\/o-nas\/wp-content\/uploads\/sites\/2\/2019\/01\/opravdova\u0301-zelenina_2-632x447.jpg 632w, https:\/\/www.sklizeno.cz\/o-nas\/wp-content\/uploads\/sites\/2\/2019\/01\/opravdova\u0301-zelenina_2-300x212.jpg 300w, https:\/\/www.sklizeno.cz\/o-nas\/wp-content\/uploads\/sites\/2\/2019\/01\/opravdova\u0301-zelenina_2-768x543.jpg 768w\" sizes=\"(max-width: 632px) 100vw, 632px\" \/> <img loading=\"lazy\" width=\"632\" height=\"447\" class=\"alignnone size-large wp-image-11654\" src=\"https:\/\/www.sklizeno.cz\/o-nas\/wp-content\/uploads\/sites\/2\/2019\/01\/opravdova\u0301-zelenina_3-632x447.jpg\" alt=\"\" srcset=\"https:\/\/www.sklizeno.cz\/o-nas\/wp-content\/uploads\/sites\/2\/2019\/01\/opravdova\u0301-zelenina_3-632x447.jpg 632w, https:\/\/www.sklizeno.cz\/o-nas\/wp-content\/uploads\/sites\/2\/2019\/01\/opravdova\u0301-zelenina_3-300x212.jpg 300w, https:\/\/www.sklizeno.cz\/o-nas\/wp-content\/uploads\/sites\/2\/2019\/01\/opravdova\u0301-zelenina_3-768x543.jpg 768w\" sizes=\"(max-width: 632px) 100vw, 632px\" \/><\/p>\n<h3><b>Bav\u00edme a\u00a0odm\u011b\u0148ujeme<\/b><\/h3>\n<p><span style=\"font-weight: 400\">Dv\u011b velk\u00e9 a\u00a0n\u011bkolik mal\u00fdch. To je souhrn sout\u011b\u017e\u00ed, kter\u00e9 jsme v minul\u00e9m roce uspo\u0159\u00e1dali pro na\u0161e fanou\u0161ky a\u00a0followery na soci\u00e1ln\u00edch s\u00edt\u00edch <a href=\"https:\/\/www.facebook.com\/sklizeno\" target=\"_blank\" rel=\"noopener\">Facebook<\/a><\/span><span style=\"font-weight: 400\">\u00a0a\u00a0<a href=\"https:\/\/www.instagram.com\/sklizeno\" target=\"_blank\" rel=\"noopener\">Instagram<\/a><\/span><span style=\"font-weight: 400\">. Na konci jara jsme <a href=\"https:\/\/www.sklizeno.cz\/o-nas\/omfg\/?utm_source=Sklizeno&amp;utm_medium=web&amp;utm_campaign=blog&amp;utm_term=190107\" target=\"_blank\" rel=\"noopener\">sout\u011b\u017eili o dv\u011b lahve OMFG ginu z\u00a0Lihovaru \u017duf\u00e1nek<\/a>.\u00a0<\/span><span style=\"font-weight: 400\">Martin \u017duf\u00e1nek d\u011bl\u00e1 ka\u017edoro\u010dn\u011b limitovanou edici sv\u00e9ho ginu OMG, kter\u00fd naz\u00fdv\u00e1 OMFG. Ka\u017ed\u00fd rok p\u0159id\u00e1 jinou surovinu a\u00a0cel\u00e1 \u0161ar\u017ee se obvykle velmi rychle vyprod\u00e1. A\u00a0my jsme nab\u00eddli ro\u010dn\u00edky 2017 a\u00a02018. Martin vymyslel ot\u00e1zky a\u00a0u\u017e to jelo. Sout\u011b\u017ee se z\u00fa\u010dastnilo p\u0159es 100 sout\u011b\u017e\u00edc\u00edch. Z\u00a0v\u00fdhry se nakonec radoval pan Jirka, kter\u00fd si na konci z\u00e1\u0159\u00ed p\u0159ijel l\u00e1hve k\u00a0\u017duf\u00e1nk\u016fm vyzvednout a\u00a0sou\u010dasn\u011b si prohl\u00e9dl i\u00a0lihovar.<\/span><\/p>\n<div id=\"fb-root\"><\/div>\n<p><script>(function(d, s, id) {  var js, fjs = d.getElementsByTagName(s)[0];  if (d.getElementById(id)) return;  js = d.createElement(s); js.id = id;  js.src = 'https:\/\/connect.facebook.net\/cs_CZ\/sdk.js#xfbml=1&version=v3.2';  fjs.parentNode.insertBefore(js, fjs);}(document, 'script', 'facebook-jssdk'));<\/script><\/p>\n<div class=\"fb-post\" data-href=\"https:\/\/www.facebook.com\/sklizeno\/posts\/1864641950256644?__xts__%5B0%5D=68.ARDDuLZylHvBGZ3D55DCJkpuNp1tz-bDSHbliPcnqId71-yOH0k2M8O6gXAb4RqP7UhXBE_bIwArRaAiv6f4qy6S9x0NRK6yzNE3Dm3H53YxQ_FTgFpPWWf63MhP0Y4SGUs9Tvow2hiMRe4--CdkueQKnE6ktYwKVt8835xjipzK6GDywas5plrZx7uAbGMc7zkc5w0b72x7mT3hXR35RV_hKi1cXq6_hCY5fGbiyCNClTC7VdlME2XGe2ZaPEcsoViyD_SkFzVxRh2zr939clw4rQ7dup0C0iFstQ8R1-ROxRMzc71BLEAFpl6yIlkiV4xPiymjENeJkszsOvHltGUUnXGSWDGpXkKFbsmr8FwWP9OLV1g7SDaX3eTXQOc449stwcIptamtskToAryNx-3sNhB0XCLiIR7ZFto0oBegV28&amp;__tn__=-R\" data-width=\"500\">\n<blockquote cite=\"https:\/\/www.facebook.com\/sklizeno\/posts\/1864641950256644\" class=\"fb-xfbml-parse-ignore\">\n<p>V\u00fdhra z Velk\u00e9 ginov\u00e9 sout\u011b\u017ee, kterou jsme uspo\u0159\u00e1dali p\u0159ed pr\u00e1zdninami, m\u00e1 kone\u010dn\u011b sv\u00e9ho majitele. Ji\u0159\u00ed Rafaj z B\u00edlovce&#8230;<\/p>\n<p>Zve\u0159ejnil(a) <a href=\"https:\/\/www.facebook.com\/sklizeno\/\">Sklizeno &#8211; opravdov\u00e9 j\u00eddlo<\/a> dne&nbsp;<a href=\"https:\/\/www.facebook.com\/sklizeno\/posts\/1864641950256644\">Sobota 29. z\u00e1\u0159\u00ed 2018<\/a><\/p><\/blockquote>\n<\/div>\n<p><span style=\"font-weight: 400\">T\u011bsn\u011b p\u0159ed V\u00e1nocemi jsme pak na Facebooku rozjeli na\u0161i Velkou d\u00e1rkovou sout\u011b\u017e. V\u00a0n\u00ed se o\u00a0titul nejlep\u0161\u00edho d\u00e1re\u010dku (samoz\u0159ejm\u011b jedl\u00e9ho) utkalo celkem osm t\u00fdm\u016f. O\u00a0v\u00edt\u011bz\u00edch jednotliv\u00fdch duel\u016f rozhodovaly hlasy fanou\u0161k\u016f a\u00a0sout\u011b\u017e\u00edc\u00ed nav\u00edc museli v\u00a0koment\u00e1\u0159\u00edch svou volbu zd\u016fvod\u0148ovat.<\/span><\/p>\n<div id=\"fb-root\"><\/div>\n<p><script>(function(d, s, id) {  var js, fjs = d.getElementsByTagName(s)[0];  if (d.getElementById(id)) return;  js = d.createElement(s); js.id = id;  js.src = 'https:\/\/connect.facebook.net\/cs_CZ\/sdk.js#xfbml=1&version=v3.2';  fjs.parentNode.insertBefore(js, fjs);}(document, 'script', 'facebook-jssdk'));<\/script><\/p>\n<div class=\"fb-post\" data-href=\"https:\/\/www.facebook.com\/sklizeno\/photos\/a.212750478779141\/1953308904723281\/\" data-width=\"500\">\n<blockquote cite=\"https:\/\/www.facebook.com\/sklizeno\/photos\/a.212750478779141\/1953308904723281\/?type=3\" class=\"fb-xfbml-parse-ignore\">\n<p>Pozor, m\u00e1me tu prvn\u00ed duel Velk\u00e9 v\u00e1no\u010dn\u00ed sout\u011b\u017ee!Kdo by u v\u00e1s vyhr\u00e1l? \u0160armantn\u00ed Francouzi, nebo temperamentn\u00ed Italov\u00e9?&#8230;<\/p>\n<p>Zve\u0159ejnil(a) <a href=\"https:\/\/www.facebook.com\/sklizeno\/\">Sklizeno &#8211; opravdov\u00e9 j\u00eddlo<\/a> dne&nbsp;<a href=\"https:\/\/www.facebook.com\/sklizeno\/photos\/a.212750478779141\/1953308904723281\/?type=3\">\u010ctvrtek 6. prosince 2018<\/a><\/p><\/blockquote>\n<\/div>\n<div id=\"fb-root\"><\/div>\n<p><script>(function(d, s, id) {  var js, fjs = d.getElementsByTagName(s)[0];  if (d.getElementById(id)) return;  js = d.createElement(s); js.id = id;  js.src = 'https:\/\/connect.facebook.net\/cs_CZ\/sdk.js#xfbml=1&version=v3.2';  fjs.parentNode.insertBefore(js, fjs);}(document, 'script', 'facebook-jssdk'));<\/script><\/p>\n<div class=\"fb-post\" data-href=\"https:\/\/www.facebook.com\/sklizeno\/photos\/a.212750478779141\/1955798434474328\/\" data-width=\"500\">\n<blockquote cite=\"https:\/\/www.facebook.com\/sklizeno\/photos\/a.212750478779141\/1955798434474328\/?type=3\" class=\"fb-xfbml-parse-ignore\">\n<p>Je tu druh\u00e9 kolo Velk\u00e9 d\u00e1rkov\u00e9 sout\u011b\u017ee!Dne\u0161n\u00ed soupe\u0159i jsou odv\u011bc\u00ed rivalov\u00e9. Praha stov\u011b\u017eat\u00e1 versus Brno v\u017edyckydruh\u00e9&#8230;.<\/p>\n<p>Zve\u0159ejnil(a) <a href=\"https:\/\/www.facebook.com\/sklizeno\/\">Sklizeno &#8211; opravdov\u00e9 j\u00eddlo<\/a> dne&nbsp;<a href=\"https:\/\/www.facebook.com\/sklizeno\/photos\/a.212750478779141\/1955798434474328\/?type=3\">Sobota 8. prosince 2018<\/a><\/p><\/blockquote>\n<\/div>\n<div id=\"fb-root\"><\/div>\n<p><script>(function(d, s, id) {  var js, fjs = d.getElementsByTagName(s)[0];  if (d.getElementById(id)) return;  js = d.createElement(s); js.id = id;  js.src = 'https:\/\/connect.facebook.net\/cs_CZ\/sdk.js#xfbml=1&version=v3.2';  fjs.parentNode.insertBefore(js, fjs);}(document, 'script', 'facebook-jssdk'));<\/script><\/p>\n<div class=\"fb-post\" data-href=\"https:\/\/www.facebook.com\/sklizeno\/photos\/a.212750478779141\/1960469987340506\/?type=3&amp;__xts__%5B0%5D=68.ARC7VtSJA5jPckIti4Id93SvfHE9sdDIT2MPDUbi-lTuFk4V_0UdQyvj5Eb4gakELfzcph6tG1sCYpiyqZV-nU70Mv0f8n8oMNc_S1zDpRsw-p-RNtYCqXaRB3bTMD7xGDVmmsWuEqF5_l18l7gyCTyUR6koJ10O7yCBdpO7NN6xPZI-JG-xYPBYM7sg8UCvKSxDCRS-Nd82Z6yRRs9lyMYvFkvMifKji2l9WWn01Ryjpw4THER8BWpfolJZ1G8-xyO0zi4r8o6RUVWQrp7JXRDLhqNLf_4L92KvPO9WSixEqOVcLNZNFO3vqoTHQkyu-Q37yLw_xZJEUIl1nhlWUKA2zQ&amp;__tn__=-R\" data-width=\"500\">\n<blockquote cite=\"https:\/\/www.facebook.com\/sklizeno\/photos\/a.212750478779141\/1960469987340506\/?type=3\" class=\"fb-xfbml-parse-ignore\">\n<p>T\u0159et\u00ed duel je tu. V prvn\u00edm z\u00e1pase skupiny B proti sob\u011b nastoup\u00ed nadupan\u00ed machos. Na jedn\u00e9 stran\u011b kombinace fotbalisty&#8230;<\/p>\n<p>Zve\u0159ejnil(a) <a href=\"https:\/\/www.facebook.com\/sklizeno\/\">Sklizeno &#8211; opravdov\u00e9 j\u00eddlo<\/a> dne&nbsp;<a href=\"https:\/\/www.facebook.com\/sklizeno\/photos\/a.212750478779141\/1960469987340506\/?type=3\">\u00dater\u00fd 11. prosince 2018<\/a><\/p><\/blockquote>\n<\/div>\n<div id=\"fb-root\"><\/div>\n<p><script>(function(d, s, id) {  var js, fjs = d.getElementsByTagName(s)[0];  if (d.getElementById(id)) return;  js = d.createElement(s); js.id = id;  js.src = 'https:\/\/connect.facebook.net\/cs_CZ\/sdk.js#xfbml=1&version=v3.2';  fjs.parentNode.insertBefore(js, fjs);}(document, 'script', 'facebook-jssdk'));<\/script><\/p>\n<div class=\"fb-post\" data-href=\"https:\/\/www.facebook.com\/sklizeno\/photos\/a.212750478779141\/1963243797063125\/?type=3&amp;__xts__%5B0%5D=68.ARCw85Ji0QrnwkFVbk8iOi36uZs6FCSvH2HsElw8cMraOaiQcf3C9Q3cSWQZBQRXT7EEPd4H5DfngA4FwbdKwbi8XSfampl-txqqsKKkBYniDtcYXjC_xdOe6BdF_V4I8aa-AouJbsF8qATN1BKQYMjV2jfgQM8TyaJuzpJ52t_6HN-EYsWHyJuNt3wqnObIXdgdc8lqLE1rRLPMAjnadxKi20IAYirvl6li2jAbja4lts98IacEffUmcotl05YsdhVjmm9XS04kUiuf953uqaMdJNe1-2e9dJt1Wve2HCWyr6gCEYi4XmHXOb7bjRFQZnNLR0BILufDzq2ZDVdjFiZzQA&amp;__tn__=-R\" data-width=\"500\">\n<blockquote cite=\"https:\/\/www.facebook.com\/sklizeno\/photos\/a.212750478779141\/1963243797063125\/?type=3\" class=\"fb-xfbml-parse-ignore\">\n<p>Posledn\u00ed kolo z\u00e1kladn\u00ed \u010d\u00e1sti turnaje s n\u00e1zvem Velk\u00e1 d\u00e1rkov\u00e1 sout\u011b\u017e pr\u00e1v\u011b za\u010d\u00edn\u00e1. \u010cas do V\u00e1noc se kr\u00e1t\u00ed, tak se poj\u010fme&#8230;<\/p>\n<p>Zve\u0159ejnil(a) <a href=\"https:\/\/www.facebook.com\/sklizeno\/\">Sklizeno &#8211; opravdov\u00e9 j\u00eddlo<\/a> dne&nbsp;<a href=\"https:\/\/www.facebook.com\/sklizeno\/photos\/a.212750478779141\/1963243797063125\/?type=3\">\u010ctvrtek 13. prosince 2018<\/a><\/p><\/blockquote>\n<\/div>\n<p><span style=\"font-weight: 400\">V\u00a0turnajov\u00e9m pavouku nakonec nejv\u00fd\u0161e dosk\u00e1kalo Brno a\u00a0jeho gastronomie, kdy\u017e ve fin\u00e1le vy\u0159adilo \u0160pan\u011bly. Jednotliv\u00e9 sout\u011b\u017en\u00ed p\u0159\u00edsp\u011bvky nasb\u00edraly celkem 650 hlas\u016f. V\u00fdhru \u2013 d\u00e1rkov\u00fd bal\u00ed\u010dek v\u00a0hodnot\u011b 1500 K\u010d, jsme stihli p\u0159edat je\u0161t\u011b do V\u00e1noc, tak\u017ee pod strome\u010dkem ud\u011blal radost.<\/span><\/p>\n<div id=\"fb-root\"><\/div>\n<p><script>(function(d, s, id) {  var js, fjs = d.getElementsByTagName(s)[0];  if (d.getElementById(id)) return;  js = d.createElement(s); js.id = id;  js.src = 'https:\/\/connect.facebook.net\/cs_CZ\/sdk.js#xfbml=1&version=v3.2';  fjs.parentNode.insertBefore(js, fjs);}(document, 'script', 'facebook-jssdk'));<\/script><\/p>\n<div class=\"fb-post\" data-href=\"https:\/\/www.facebook.com\/sklizeno\/photos\/a.212750478779141\/1974134395974065\/\" data-width=\"500\">\n<blockquote cite=\"https:\/\/www.facebook.com\/sklizeno\/photos\/a.212750478779141\/1974134395974065\/?type=3\" class=\"fb-xfbml-parse-ignore\">\n<p>Tohle je v\u00edt\u011bzka Velk\u00e9 d\u00e1rkov\u00e9 sout\u011b\u017ee, kter\u00e9 jsme dnes osobn\u011b p\u0159edali v\u00fdhru \u2013 bal\u00ed\u010dek na\u0161ich produkt\u016f v hodnot\u011b 1500&#8230;<\/p>\n<p>Zve\u0159ejnil(a) <a href=\"https:\/\/www.facebook.com\/sklizeno\/\">Sklizeno &#8211; opravdov\u00e9 j\u00eddlo<\/a> dne&nbsp;<a href=\"https:\/\/www.facebook.com\/sklizeno\/photos\/a.212750478779141\/1974134395974065\/?type=3\">P\u00e1tek 21. prosince 2018<\/a><\/p><\/blockquote>\n<\/div>\n<p><span style=\"font-weight: 400\">Na sout\u011b\u017ee se m\u016f\u017eete t\u011b\u0161it i\u00a0v\u00a0leto\u0161n\u00edm roce. Sta\u010d\u00ed sledovat na\u0161e soci\u00e1ln\u00ed s\u00edt\u011b.<\/span><\/p>\n<p>&nbsp;<\/p>\n<h3><b>Ambasado\u0159i<\/b><\/h3>\n<p><span style=\"font-weight: 400\"><a href=\"http:\/\/www.mamapecedoma.com\" target=\"_blank\" rel=\"noopener\">M\u00e1ma pe\u010de doma<\/a>, <a href=\"http:\/\/www.menudomu.cz\" target=\"_blank\" rel=\"noopener\">Menu od Koko<\/a> a\u00a0<a href=\"http:\/\/www.vareniste.cz\" target=\"_blank\" rel=\"noopener\">Va\u0159eni\u0161t\u011b.cz<\/a> byly v\u00a0lo\u0148sk\u00e9m roce t\u0159emi nejv\u00edce spolupracuj\u00edc\u00edmi foodblogy. N\u011bco najdete na soci\u00e1ln\u00edch s\u00edt\u00edch, n\u011bco i\u00a0na na\u0161em webu.<\/span><\/p>\n<div id=\"attachment_9777\" style=\"width: 642px\" class=\"wp-caption alignnone\"><a href=\"https:\/\/www.sklizeno.cz\/o-nas\/panforte-di-siena\/\" target=\"_blank\" rel=\"noopener\"><img aria-describedby=\"caption-attachment-9777\" loading=\"lazy\" class=\"wp-image-9777 size-large\" src=\"https:\/\/www.sklizeno.cz\/o-nas\/wp-content\/uploads\/sites\/2\/2017\/12\/PB261673-632x474.jpg\" alt=\"\" width=\"632\" height=\"474\" srcset=\"https:\/\/www.sklizeno.cz\/o-nas\/wp-content\/uploads\/sites\/2\/2017\/12\/PB261673-632x474.jpg 632w, https:\/\/www.sklizeno.cz\/o-nas\/wp-content\/uploads\/sites\/2\/2017\/12\/PB261673-300x225.jpg 300w, https:\/\/www.sklizeno.cz\/o-nas\/wp-content\/uploads\/sites\/2\/2017\/12\/PB261673-768x576.jpg 768w, https:\/\/www.sklizeno.cz\/o-nas\/wp-content\/uploads\/sites\/2\/2017\/12\/PB261673.jpg 800w\" sizes=\"(max-width: 632px) 100vw, 632px\" \/><\/a><p id=\"caption-attachment-9777\" class=\"wp-caption-text\">Panforte di Siena<\/p><\/div>\n<p>&nbsp;<\/p>\n<div id=\"attachment_10269\" style=\"width: 642px\" class=\"wp-caption alignnone\"><a href=\"https:\/\/www.sklizeno.cz\/o-nas\/jarni-kureci-prsicko-s-omackou-z-medvediho-cesneku-chrestem-a-petrzelovym-pyre\/\"><img aria-describedby=\"caption-attachment-10269\" loading=\"lazy\" class=\"wp-image-10269 size-large\" src=\"https:\/\/www.sklizeno.cz\/o-nas\/wp-content\/uploads\/sites\/2\/2018\/05\/20180420_162158-632x356.jpg\" alt=\"\" width=\"632\" height=\"356\" srcset=\"https:\/\/www.sklizeno.cz\/o-nas\/wp-content\/uploads\/sites\/2\/2018\/05\/20180420_162158-632x356.jpg 632w, https:\/\/www.sklizeno.cz\/o-nas\/wp-content\/uploads\/sites\/2\/2018\/05\/20180420_162158-300x169.jpg 300w, https:\/\/www.sklizeno.cz\/o-nas\/wp-content\/uploads\/sites\/2\/2018\/05\/20180420_162158-768x432.jpg 768w\" sizes=\"(max-width: 632px) 100vw, 632px\" \/><\/a><p id=\"caption-attachment-10269\" class=\"wp-caption-text\">Jarn\u00ed ku\u0159e s ch\u0159estem a om\u00e1\u010dkou z medv\u011bd\u00edho \u010desneku<\/p><\/div>\n<div id=\"attachment_10537\" style=\"width: 642px\" class=\"wp-caption alignnone\"><a href=\"https:\/\/www.sklizeno.cz\/o-nas\/tatuv-jedi-burger\/\"><img aria-describedby=\"caption-attachment-10537\" loading=\"lazy\" class=\"wp-image-10537 size-large\" src=\"https:\/\/www.sklizeno.cz\/o-nas\/wp-content\/uploads\/sites\/2\/2018\/06\/053A4F6A-C2E8-4F69-83DA-BEC3FFF107A1-3-632x843.jpg\" alt=\"\" width=\"632\" height=\"843\" srcset=\"https:\/\/www.sklizeno.cz\/o-nas\/wp-content\/uploads\/sites\/2\/2018\/06\/053A4F6A-C2E8-4F69-83DA-BEC3FFF107A1-3-632x843.jpg 632w, https:\/\/www.sklizeno.cz\/o-nas\/wp-content\/uploads\/sites\/2\/2018\/06\/053A4F6A-C2E8-4F69-83DA-BEC3FFF107A1-3-225x300.jpg 225w, https:\/\/www.sklizeno.cz\/o-nas\/wp-content\/uploads\/sites\/2\/2018\/06\/053A4F6A-C2E8-4F69-83DA-BEC3FFF107A1-3-768x1024.jpg 768w\" sizes=\"(max-width: 632px) 100vw, 632px\" \/><\/a><p id=\"caption-attachment-10537\" class=\"wp-caption-text\">T\u00e1t\u016fv Jedi burger<\/p><\/div>\n<div id=\"attachment_10727\" style=\"width: 642px\" class=\"wp-caption alignnone\"><a href=\"https:\/\/www.sklizeno.cz\/o-nas\/pecene-francouzske-toasty-s-dynovym-pyre\/\"><img aria-describedby=\"caption-attachment-10727\" loading=\"lazy\" class=\"wp-image-10727 size-large\" src=\"https:\/\/www.sklizeno.cz\/o-nas\/wp-content\/uploads\/sites\/2\/2018\/08\/P7202016-632x843.jpg\" alt=\"\" width=\"632\" height=\"843\" srcset=\"https:\/\/www.sklizeno.cz\/o-nas\/wp-content\/uploads\/sites\/2\/2018\/08\/P7202016-632x843.jpg 632w, https:\/\/www.sklizeno.cz\/o-nas\/wp-content\/uploads\/sites\/2\/2018\/08\/P7202016-225x300.jpg 225w, https:\/\/www.sklizeno.cz\/o-nas\/wp-content\/uploads\/sites\/2\/2018\/08\/P7202016-768x1024.jpg 768w, https:\/\/www.sklizeno.cz\/o-nas\/wp-content\/uploads\/sites\/2\/2018\/08\/P7202016.jpg 1200w\" sizes=\"(max-width: 632px) 100vw, 632px\" \/><\/a><p id=\"caption-attachment-10727\" class=\"wp-caption-text\">Pe\u010den\u00e9 francouzsk\u00e9 toasty s d\u00fd\u0148ov\u00fdm pyr\u00e9<\/p><\/div>\n<h3><b>P\u00ed\u0161eme p\u0159\u00edb\u011bhy dobr\u00e9ho j\u00eddla<\/b><\/h3>\n<p><span style=\"font-weight: 400\">Hled\u00e1te inspiraci? Informace? Pou\u010den\u00ed? Mrkn\u011bte na n\u00e1\u0161 <a href=\"https:\/\/www.sklizeno.cz\/o-nas\/category\/blog\/\" target=\"_blank\" rel=\"noopener\">blog<\/a><\/span><span style=\"font-weight: 400\">, kam pro v\u00e1s p\u00ed\u0161eme \u010dl\u00e1nky, recepty, n\u00e1vody atd. Vloni jsme si u\u017eili zejm\u00e9na:<\/span><\/p>\n<p><span style=\"font-weight: 400\">Seri\u00e1l Jak poznat kvalitu\u2026 <a href=\"https:\/\/www.sklizeno.cz\/o-nas\/jak-poznat-kvalitu-sunky\/\" target=\"_blank\" rel=\"noopener\">\u0161unky<\/a><\/span><span style=\"font-weight: 400\">, <a href=\"https:\/\/www.sklizeno.cz\/o-nas\/jak-poznat-kvalitu-vajec\/\" target=\"_blank\" rel=\"noopener\">vajec<\/a>, <a href=\"https:\/\/www.sklizeno.cz\/o-nas\/jak-poznat-kvalitu-jogurtu\/\" target=\"_blank\" rel=\"noopener\">jogurtu<\/a>, <a href=\"https:\/\/www.sklizeno.cz\/o-nas\/jak-poznat-kvalitu-parku\/\" target=\"_blank\" rel=\"noopener\">p\u00e1rk\u016f<\/a><\/span><\/p>\n<p><a href=\"https:\/\/www.sklizeno.cz\/o-nas\/stavek-hattrick-vinarstvi-roku\/\" target=\"_blank\" rel=\"noopener\">Rozhovor s dr\u017eitelem ocen\u011bn\u00ed Vina\u0159stv\u00ed roku Honzou St\u00e1vkem<\/a><\/p>\n<p><a href=\"https:\/\/www.sklizeno.cz\/o-nas\/ajala-pomahame-planete-zemi-cokoladou\/\" target=\"_blank\" rel=\"noopener\">Rozhovor s Filipem Tepl\u00fdm z\u00a0ajala chocolate o jeho cest\u011b za nejkvalitn\u011bj\u0161\u00edmi kakaov\u00fdmi boby do latinskoamerick\u00e9 d\u017eungle<\/a><\/p>\n<p><a href=\"https:\/\/www.sklizeno.cz\/o-nas\/cervena-psenice\/\" target=\"_blank\" rel=\"noopener\">\u010cl\u00e1nek o \u010derven\u00e9 p\u0161enici<\/a><\/p>\n<p><a href=\"https:\/\/www.sklizeno.cz\/o-nas\/griluj-jako-sefova\/\" target=\"_blank\" rel=\"noopener\">Griluj jako \u0161\u00e9f(ov\u00e1) s Koko<\/a><\/p>\n<p><a href=\"https:\/\/www.sklizeno.cz\/o-nas\/cidre-ci-cider-to-je-oc-tu-kraci\/\" target=\"_blank\" rel=\"noopener\">Jak rozeznat cidre od cideru<\/a><\/p>\n<p><a href=\"https:\/\/www.sklizeno.cz\/o-nas\/tipy-na-super-jedle-darky\/\" target=\"_blank\" rel=\"noopener\">Tipy na super jedl\u00e9 d\u00e1rky<\/a><\/p>\n<p>&nbsp;<\/p>\n<p><span style=\"font-weight: 400\">Jestli jste do\u010detli a\u017e sem, tak jsme r\u00e1di. A\u00a0t\u011b\u0161\u00edme se na setk\u00e1n\u00ed s\u00a0v\u00e1mi v\u00a0n\u011bkter\u00e9 z\u00a0na\u0161ich prodejen. P\u0159ejeme v\u00e1m kvalitn\u00ed rok 2019.<\/span><\/p>\n","protected":false},"excerpt":{"rendered":"<p>Sklizeno m\u00e1 za sebou dal\u0161\u00ed rok. Kdy\u017e se te\u010f za n\u00edm ohl\u00ed\u017e\u00edme zp\u011bt, m\u016f\u017eeme \u0159\u00edct, \u017ee to byl rok pln\u00fd piln\u00e9 (a\u00a0\u010dasto tak\u00e9 tvrd\u00e9 a\u00a0usilovn\u00e9) pr\u00e1ce. Rok n\u011bkolika z\u00e1sadn\u00edch rozhodnut\u00ed o\u00a0na\u0161em dal\u0161\u00edm sm\u011b\u0159ov\u00e1n\u00ed. Rok, v\u00a0n\u011bm\u017e jsme v\u00fdznamn\u00fdm zp\u016fsobem posunuli na\u0161i misi, kterou nen\u00ed nic men\u0161\u00edho ne\u017e zm\u011bnit to, jak se kvalitn\u00ed j\u00eddlo vyr\u00e1b\u00ed a\u00a0prod\u00e1v\u00e1. Ale [&hellip;]<\/p>\n","protected":false},"author":28,"featured_media":11660,"comment_status":"open","ping_status":"closed","sticky":false,"template":"","format":"standard","meta":[],"categories":[1],"tags":[],"recepies_category":[],"recepies_tag":[],"_links":{"self":[{"href":"https:\/\/www.sklizeno.cz\/o-nas\/wp-json\/wp\/v2\/posts\/11647"}],"collection":[{"href":"https:\/\/www.sklizeno.cz\/o-nas\/wp-json\/wp\/v2\/posts"}],"about":[{"href":"https:\/\/www.sklizeno.cz\/o-nas\/wp-json\/wp\/v2\/types\/post"}],"author":[{"embeddable":true,"href":"https:\/\/www.sklizeno.cz\/o-nas\/wp-json\/wp\/v2\/users\/28"}],"replies":[{"embeddable":true,"href":"https:\/\/www.sklizeno.cz\/o-nas\/wp-json\/wp\/v2\/comments?post=11647"}],"version-history":[{"count":13,"href":"https:\/\/www.sklizeno.cz\/o-nas\/wp-json\/wp\/v2\/posts\/11647\/revisions"}],"predecessor-version":[{"id":11666,"href":"https:\/\/www.sklizeno.cz\/o-nas\/wp-json\/wp\/v2\/posts\/11647\/revisions\/11666"}],"wp:featuredmedia":[{"embeddable":true,"href":"https:\/\/www.sklizeno.cz\/o-nas\/wp-json\/wp\/v2\/media\/11660"}],"wp:attachment":[{"href":"https:\/\/www.sklizeno.cz\/o-nas\/wp-json\/wp\/v2\/media?parent=11647"}],"wp:term":[{"taxonomy":"category","embeddable":true,"href":"https:\/\/www.sklizeno.cz\/o-nas\/wp-json\/wp\/v2\/categories?post=11647"},{"taxonomy":"post_tag","embeddable":true,"href":"https:\/\/www.sklizeno.cz\/o-nas\/wp-json\/wp\/v2\/tags?post=11647"},{"taxonomy":"recepies_category","embeddable":true,"href":"https:\/\/www.sklizeno.cz\/o-nas\/wp-json\/wp\/v2\/recepies_category?post=11647"},{"taxonomy":"recepies_tag","embeddable":true,"href":"https:\/\/www.sklizeno.cz\/o-nas\/wp-json\/wp\/v2\/recepies_tag?post=11647"}],"curies":[{"name":"wp","href":"https:\/\/api.w.org\/{rel}","templated":true}]}}