{"id":10857,"date":"2018-09-28T06:21:17","date_gmt":"2018-09-28T05:21:17","guid":{"rendered":"https:\/\/www.sklizeno.cz\/o-nas\/?p=10857"},"modified":"2019-07-29T14:50:34","modified_gmt":"2019-07-29T13:50:34","slug":"rozhovor-s-rebelbean","status":"publish","type":"post","link":"https:\/\/www.sklizeno.cz\/o-nas\/rozhovor-s-rebelbean\/","title":{"rendered":"Michal Stec z Rebelbean: Rebelujeme proti za\u017eit\u00fdm n\u00e1zor\u016fm na k\u00e1vu"},"content":{"rendered":"<p><img loading=\"lazy\" width=\"632\" height=\"421\" class=\"alignnone size-large wp-image-10861\" src=\"https:\/\/www.sklizeno.cz\/o-nas\/wp-content\/uploads\/sites\/2\/2018\/09\/20180116172844_IMG_2389-kopie-632x421.jpg\" alt=\"\" srcset=\"https:\/\/www.sklizeno.cz\/o-nas\/wp-content\/uploads\/sites\/2\/2018\/09\/20180116172844_IMG_2389-kopie-632x421.jpg 632w, https:\/\/www.sklizeno.cz\/o-nas\/wp-content\/uploads\/sites\/2\/2018\/09\/20180116172844_IMG_2389-kopie-300x200.jpg 300w, https:\/\/www.sklizeno.cz\/o-nas\/wp-content\/uploads\/sites\/2\/2018\/09\/20180116172844_IMG_2389-kopie-768x512.jpg 768w, https:\/\/www.sklizeno.cz\/o-nas\/wp-content\/uploads\/sites\/2\/2018\/09\/20180116172844_IMG_2389-kopie.jpg 1200w\" sizes=\"(max-width: 632px) 100vw, 632px\" \/><\/p>\n<p>Brn\u011bnsk\u00e1 pra\u017e\u00edrna Rebelbean pra\u017e\u00ed v\u00fdb\u011brovou k\u00e1vu, a\u00a0jak u\u017e n\u00e1zev nazna\u010duje, neboj\u00ed se p\u0159i tom j\u00edt svou vlastn\u00ed cestou. Zkusili jste nap\u0159\u00edklad kombinovat v\u00fdb\u011brovou k\u00e1vu a\u00a0fortifikovan\u00e9 v\u00edno Lokus z\u00a0vina\u0159stv\u00ed V\u00edno J.\u00a0St\u00e1vek? V\u00a0p\u0159edve\u010der za\u010d\u00e1tku T\u00fddne k\u00e1vy p\u0159in\u00e1\u0161\u00edme rozhovor s\u00a0jedn\u00edm z\u00a0hlavn\u00edch Rebel\u016f Michalem Stecem.<\/p>\n<p>&nbsp;<\/p>\n<h5 class=\"p1\">Kdy, jak a pro\u010d vznikli Rebelbean?<\/h5>\n<p class=\"p1\">Projekt vznikl v roce 2013. Jeho my\u0161lenkou bylo p\u0159edstavit kvalitn\u00ed vy\u0301b\u011brovou k\u00e1vu komunit\u011b rocker\u016f&#8230; co\u017e se \u00fapln\u011b nezda\u0159ilo. P\u0159esto si zna\u010dka na\u0161la svoji vlastn\u00ed cestu k\u00a0z\u00e1kazn\u00edk\u016fm a\u00a0fanou\u0161k\u016fm.<\/p>\n<h5 class=\"p1\">Proti \u010demu rebelujete?<\/h5>\n<p class=\"p1\">Rebelstv\u00ed, tak jak ho vn\u00edm\u00e1me my, je velice individu\u00e1ln\u00ed z\u00e1le\u017eitost. My jsme dodavatel\u00e9 energie. Na\u0161\u00edm c\u00edlem je by\u0301t ka\u017ed\u00e9mu oporou, aby rebeloval proti tomu, co jeho osobn\u011b \u0161tve nejv\u00edce.<\/p>\n<p class=\"p1\">A\u00a0jako firma rebelujeme proti za\u017eity\u0301m n\u00e1zor\u016fm na k\u00e1vu. Sna\u017e\u00edme se ji p\u0159edstavit v\u00a0jin\u00e9m sv\u011btle a\u00a0z\u00a0nov\u00e9ho \u00fahlu pohledu.<\/p>\n<h5 class=\"p1\">Na jakou k\u00e1vu se specializujete?<\/h5>\n<p class=\"p1\">Pracujeme vy\u0301hradn\u011b s\u00a0vy\u0301b\u011brovou k\u00e1vou (specialty coffee). Suroviny vyb\u00edr\u00e1me podle sez\u00f3n a\u00a0aktu\u00e1ln\u00edch sklizn\u00ed ve sv\u011bt\u011b. Spolupracujeme jak s\u00a0import\u00e9ry, tak p\u0159\u00edmo s\u00a0farm\u00e1\u0159i, kter\u00e9 reprezentuj\u00ed. V\u00a0nab\u00eddce b\u011b\u017en\u011b m\u00e1me n\u011bkolik jednodruhovy\u0301ch (single origin) k\u00e1v a\u00a0jednu sm\u011bs \u2013 My Daily Mix.<\/p>\n<h5 class=\"p1\">Jak je na tom \u010cesk\u00e1 republika, co se ty\u0301\u010de k\u00e1vov\u00e9 osv\u011bty? Je to u n\u00e1s u\u017e dobr\u00e9, nebo je st\u00e1le co doh\u00e1n\u011bt?<\/h5>\n<p class=\"p1\">U\u00a0n\u00e1s je to skv\u011bl\u00e9. Zakl\u00e1daj\u00ed se kav\u00e1rny, vznikaj\u00ed pra\u017e\u00edrny, po\u0159\u00e1daj\u00ed se degustace a\u00a0festivaly. V\u0161eobecn\u011b je u\u00a0n\u00e1s k\u00e1va na velmi vysok\u00e9 \u00farovni. Z\u00e1jem o\u00a0ni neust\u00e1le roste a\u00a0z\u00edsk\u00e1v\u00e1 si \u010d\u00edm d\u00e1l t\u00edm v\u00edce fanou\u0161k\u016f.<\/p>\n<h5 class=\"p1\">Komu byste va\u0161e k\u00e1vy doporu\u010dili? Nebo jinak \u2013 jak vypad\u00e1 v\u00e1\u0161 typicky\u0301 z\u00e1kazn\u00edk?<\/h5>\n<p class=\"p1\">Rozd\u011blil bych je do dvou skupin. Tou prvn\u00ed jsou lid\u00e9, kte\u0159\u00ed ji\u017e vy\u0301b\u011brovou k\u00e1vu znaj\u00ed a\u00a0r\u00e1di objevuj\u00ed nov\u00e9 pra\u017e\u00edrny. Druhou jsou lid\u00e9, kter\u00e9 oslovila na\u0161e filozofie a\u00a0p\u0159\u00edstup ke k\u00e1v\u011b. Objevili n\u00e1s na akc\u00edch, ktery\u0301ch d\u011bl\u00e1me spoustu, nebo si n\u00e1s na\u0161li na soci\u00e1ln\u00edch s\u00edt\u00edch.<\/p>\n<h5 class=\"p1\">Jaky\u0301 dom\u00e1c\u00ed zp\u016fsob p\u0159\u00edpravy k\u00e1vy byste doporu\u010dili z\u00e1kazn\u00edk\u016fm Sklizeno, kte\u0159\u00ed si k\u00e1vu z\u00a0va\u0161\u00ed pra\u017e\u00edrny p\u0159inesou dom\u016f?<\/h5>\n<p class=\"p1\">Jednozna\u010dn\u011b je to Clever Dripper. Jednoduch\u00e9, levn\u00e9 a\u00a0p\u0159edev\u0161\u00edm \u00fa\u010deln\u00e9 za\u0159\u00edzen\u00ed, kter\u00e9 pou\u017e\u00edv\u00e1\u00a0pap\u00edrov\u00e9 filtry.<\/p>\n<h5 class=\"p1\">Co mohou lid\u00e9 ve va\u0161ich k\u00e1v\u00e1ch naj\u00edt? Mysl\u00edm senzoricky \ud83d\ude42<\/h5>\n<p class=\"p1\">Co se ty\u0301\u010de v\u0161eobecn\u011b stylu pra\u017een\u00ed, tak je to p\u0159edev\u0161\u00edm vyv\u00e1\u017eenost chut\u00ed a\u00a0sladkost. A\u00a0konkr\u00e9tn\u011b? To u\u017e z\u00e1le\u017e\u00ed na p\u016fvodu k\u00e1vy. Od o\u0159\u00ed\u0161k\u016f p\u0159es tropick\u00e9 ovoce a\u017e po \u010dern\u00e9 olivy, kter\u00e9 jsme aktu\u00e1ln\u011b na\u0161li v na\u0161\u00ed Kostarice.<\/p>\n<h5 class=\"p1\">Co v\u00e1s \u010dek\u00e1 v\u00a0nejbli\u017e\u0161\u00ed budoucnosti? Jak\u00e9 jsou va\u0161e pl\u00e1ny?<\/h5>\n<p class=\"p1\">Moment\u00e1ln\u011b se pln\u011b soust\u0159ed\u00edme na otev\u0159en\u00ed nov\u00e9 kav\u00e1rny v\u00a0are\u00e1lu brn\u011bnsk\u00e9 Vln\u011bny. Ta by m\u011bla by\u0301t hotov\u00e1 b\u011bhem \u0159\u00edjna. Z\u00e1rove\u0148 chyst\u00e1me zaj\u00edmav\u00e9 projekty s\u00a0farm\u00e1\u0159i, kter\u00e9 bychom r\u00e1di p\u0159edstavili v\u00a0bl\u00edzk\u00e9 budoucnosti. Osobn\u011b bych si nejrad\u011bji pl\u00e1noval dal\u0161\u00ed cestu na farmy.<\/p>\n<h5 class=\"p1\">Tro\u0161ku p\u0159ed\u010dasn\u00e1 ot\u00e1zka, ale stejn\u011b: Je k\u00e1va vhodny\u0301 d\u00e1rek pod strome\u010dek?<\/h5>\n<p class=\"p1\">Ur\u010dit\u011b je! Krom\u011b samotny\u0301ch bal\u00ed\u010dk\u016f jsou tady je\u0161t\u011b degusta\u010dn\u00ed sety, limitovan\u00e9 edice a\u00a0samoz\u0159ejm\u011b taky hromada r\u016fzny\u0301ch p\u0159\u00edstroj\u016f a\u00a0p\u0159\u00edslu\u0161enstv\u00ed na p\u0159\u00edpravu k\u00e1vy.<\/p>\n<p>&nbsp;<\/p>\n<p>&nbsp;<\/p>\n","protected":false},"excerpt":{"rendered":"<p>Brn\u011bnsk\u00e1 pra\u017e\u00edrna Rebelbean pra\u017e\u00ed v\u00fdb\u011brovou k\u00e1vu, a\u00a0jak u\u017e n\u00e1zev nazna\u010duje, neboj\u00ed se p\u0159i tom j\u00edt svou vlastn\u00ed cestou. Zkusili jste nap\u0159\u00edklad kombinovat v\u00fdb\u011brovou k\u00e1vu a\u00a0fortifikovan\u00e9 v\u00edno Lokus z\u00a0vina\u0159stv\u00ed V\u00edno J.\u00a0St\u00e1vek? V\u00a0p\u0159edve\u010der za\u010d\u00e1tku T\u00fddne k\u00e1vy p\u0159in\u00e1\u0161\u00edme rozhovor s\u00a0jedn\u00edm z\u00a0hlavn\u00edch Rebel\u016f Michalem Stecem. &nbsp; Kdy, jak a pro\u010d vznikli Rebelbean? Projekt vznikl v roce 2013. Jeho my\u0161lenkou [&hellip;]<\/p>\n","protected":false},"author":28,"featured_media":10864,"comment_status":"open","ping_status":"closed","sticky":false,"template":"","format":"standard","meta":[],"categories":[1],"tags":[76],"recepies_category":[],"recepies_tag":[],"_links":{"self":[{"href":"https:\/\/www.sklizeno.cz\/o-nas\/wp-json\/wp\/v2\/posts\/10857"}],"collection":[{"href":"https:\/\/www.sklizeno.cz\/o-nas\/wp-json\/wp\/v2\/posts"}],"about":[{"href":"https:\/\/www.sklizeno.cz\/o-nas\/wp-json\/wp\/v2\/types\/post"}],"author":[{"embeddable":true,"href":"https:\/\/www.sklizeno.cz\/o-nas\/wp-json\/wp\/v2\/users\/28"}],"replies":[{"embeddable":true,"href":"https:\/\/www.sklizeno.cz\/o-nas\/wp-json\/wp\/v2\/comments?post=10857"}],"version-history":[{"count":7,"href":"https:\/\/www.sklizeno.cz\/o-nas\/wp-json\/wp\/v2\/posts\/10857\/revisions"}],"predecessor-version":[{"id":12516,"href":"https:\/\/www.sklizeno.cz\/o-nas\/wp-json\/wp\/v2\/posts\/10857\/revisions\/12516"}],"wp:featuredmedia":[{"embeddable":true,"href":"https:\/\/www.sklizeno.cz\/o-nas\/wp-json\/wp\/v2\/media\/10864"}],"wp:attachment":[{"href":"https:\/\/www.sklizeno.cz\/o-nas\/wp-json\/wp\/v2\/media?parent=10857"}],"wp:term":[{"taxonomy":"category","embeddable":true,"href":"https:\/\/www.sklizeno.cz\/o-nas\/wp-json\/wp\/v2\/categories?post=10857"},{"taxonomy":"post_tag","embeddable":true,"href":"https:\/\/www.sklizeno.cz\/o-nas\/wp-json\/wp\/v2\/tags?post=10857"},{"taxonomy":"recepies_category","embeddable":true,"href":"https:\/\/www.sklizeno.cz\/o-nas\/wp-json\/wp\/v2\/recepies_category?post=10857"},{"taxonomy":"recepies_tag","embeddable":true,"href":"https:\/\/www.sklizeno.cz\/o-nas\/wp-json\/wp\/v2\/recepies_tag?post=10857"}],"curies":[{"name":"wp","href":"https:\/\/api.w.org\/{rel}","templated":true}]}}